{"id":2252,"date":"2024-03-04T16:20:52","date_gmt":"2024-03-04T19:20:52","guid":{"rendered":"https:\/\/diarioparanaense.com\/?p=2252"},"modified":"2024-03-04T16:20:53","modified_gmt":"2024-03-04T19:20:53","slug":"liquidacao-de-verao-imperdivel-encontro-de-brechos-sai-do-armario-traz-descontos-de-ate-50-em-pecas-exclusivas-e-sorteio-especial-de-pascoa","status":"publish","type":"post","link":"https:\/\/diarioparanaense.com\/?p=2252","title":{"rendered":"Liquida\u00e7\u00e3o de Ver\u00e3o Imperd\u00edvel: Encontro de Brech\u00f3s Sa\u00ed do Arm\u00e1rio traz Descontos de at\u00e9 50% em Pe\u00e7as Exclusivas e Sorteio Especial de P\u00e1scoa!"},"content":{"rendered":"\n<p class=\"has-medium-font-size\"><em>Por Emanuelle Spack<\/em><\/p>\n\n\n\n<p>O ver\u00e3o est\u00e1 chegando na reta final, mas ainda \u00e9 poss\u00edvel garimpar pe\u00e7as e acess\u00f3rios incr\u00edveis da esta\u00e7\u00e3o na pr\u00f3xima edi\u00e7\u00e3o do Encontro de Brech\u00f3s&nbsp;<a href=\"https:\/\/www.instagram.com\/saidoarmariocwb\/\">Sa\u00ed do Arm\u00e1rio<\/a> que acontece neste fim de semana na Galeria A Travessa. Os participantes podem esperar uma verdadeira liquida\u00e7\u00e3o de ver\u00e3o em todos os estandes.<\/p>\n\n\n\n<p>Para a empreendedora Gabriela Feola, umas das organizadoras, essa \u00e9poca \u00e9 prop\u00edcia para fazer liquida\u00e7\u00e3o de ver\u00e3o. <em>\u201cEstamos oferecendo descontos incr\u00edveis em uma variedade de pe\u00e7as, desde roupas at\u00e9 acess\u00f3rios, e alguns deles chegam a ter at\u00e9 50% de desconto. \u00c9 uma oportunidade imperd\u00edvel para renovar algumas pe\u00e7as com estilo e economia\u201d,<\/em> ressalta Gabriela.<\/p>\n\n\n\n<p>O destaque deste evento \u00e9 um sorteio especial: a cada 50 reais em compras os clientes recebem um cupom para concorrer a uma cesta repleta de del\u00edcias de P\u00e1scoa. <em>\u201cQueremos presentear nossos clientes fi\u00e9is e tamb\u00e9m aqueles que nos visitam pela primeira vez com uma chance de ganhar algo especial de uma \u00e9poca m\u00e1gica e deliciosa\u201d<\/em>, explica Kerolen Martins, outra organizadora entusiasmada.<\/p>\n\n\n\n<p>Com mais de 10 mil itens em exposi\u00e7\u00e3o, esta edi\u00e7\u00e3o promete transformar o cen\u00e1rio da moda e dos acess\u00f3rios com pre\u00e7os irresist\u00edveis. Imagine-se perdido em um verdadeiro tesouro, cercado por uma ampla gama de estilos, tamanhos e faixas de pre\u00e7o para todos os gostos e bolsos. Mais de 35 empreendedores apresentam diariamente suas cole\u00e7\u00f5es \u00fanicas, cada uma contendo de 150 a 300 produtos exclusivos. \u00c9 uma oportunidade \u00fanica a cada dia para encontrar a pe\u00e7a perfeita que expressa seu estilo distintivo. Este n\u00e3o \u00e9 apenas um evento de compras, \u00e9 uma experi\u00eancia!<\/p>\n\n\n\n<p>Ent\u00e3o marque na agenda: nos dias 09 e 10 de mar\u00e7o, o tradicional Encontro de Brech\u00f3s Sa\u00ed do Arm\u00e1rio ser\u00e1 o lugar onde a moda encontra a sustentabilidade e o estilo se une \u00e0 economia em um ambiente acolhedor e descontra\u00eddo, no qual ser\u00e1 poss\u00edvel explorar livremente diferentes op\u00e7\u00f5es, trocar dicas de estilo com outros entusiastas de brech\u00f3s e encontrar inspira\u00e7\u00e3o em cada arara em exposi\u00e7\u00e3o.<\/p>\n\n\n\n<p><strong>Servi\u00e7o:<\/strong><\/p>\n\n\n\n<p>\ud83c\udf89 <strong>30<\/strong><strong>\u00b0 Encontro de Brech\u00f3s Sa\u00ed do Arm\u00e1rio&nbsp;<\/strong><strong><\/strong><\/p>\n\n\n\n<p>\ud83c\udfd8\ufe0f <strong>Local:<\/strong>&nbsp;Galeria A Travessa<\/p>\n\n\n\n<p>\ud83e\udded <strong>Endere\u00e7o:<\/strong>&nbsp;Rua S\u00e3o Francisco, 232 e Rua Treze de Maio, 439 \u2013 Centro \u2013 Curitiba.&nbsp;<\/p>\n\n\n\n<p>\ud83c\udfab <strong>Entrada:<\/strong>&nbsp;Franca<\/p>\n\n\n\n<p>\ud83d\udcc5 <strong>Datas:<\/strong> 09 e 10 de mar\u00e7o \u2013 S\u00e1bado e Domingo<\/p>\n\n\n\n<p>\ud83d\udd5b <strong>Hor\u00e1rio:<\/strong> das 10h:00 \u00e0s 18h:00<\/p>\n\n\n\n<p>\ud83d\udc36<em> <\/em><strong>Pet friendly<\/strong><\/p>\n\n\n\n<p><strong>Rede sociais:<\/strong><\/p>\n\n\n\n<p><a href=\"https:\/\/www.instagram.com\/saidoarmariocwb\/\" target=\"_blank\" rel=\"noreferrer noopener\"><strong>Instagram<\/strong><\/a><strong>\u00a0<\/strong><\/p>\n\n\n\n<p><a href=\"https:\/\/www.facebook.com\/saidoarmariocwb\/\" target=\"_blank\" rel=\"noreferrer noopener\"><strong>Facebook<\/strong><\/a>\u00a0<\/p>\n","protected":false},"excerpt":{"rendered":"<p>Por Emanuelle Spack O ver\u00e3o est\u00e1 chegando na reta final, mas ainda \u00e9 poss\u00edvel garimpar pe\u00e7as e acess\u00f3rios incr\u00edveis da esta\u00e7\u00e3o na pr\u00f3xima edi\u00e7\u00e3o do Encontro de Brech\u00f3s&nbsp;Sa\u00ed do Arm\u00e1rio que acontece neste fim de semana na Galeria A Travessa. Os participantes podem esperar uma verdadeira liquida\u00e7\u00e3o de ver\u00e3o em todos os estandes. Para a [&hellip;]<\/p>\n","protected":false},"author":1,"featured_media":2253,"comment_status":"open","ping_status":"open","sticky":false,"template":"","format":"standard","meta":{"footnotes":""},"categories":[424],"tags":[],"class_list":["post-2252","post","type-post","status-publish","format-standard","has-post-thumbnail","hentry","category-curitiba"],"_links":{"self":[{"href":"https:\/\/diarioparanaense.com\/index.php?rest_route=\/wp\/v2\/posts\/2252","targetHints":{"allow":["GET"]}}],"collection":[{"href":"https:\/\/diarioparanaense.com\/index.php?rest_route=\/wp\/v2\/posts"}],"about":[{"href":"https:\/\/diarioparanaense.com\/index.php?rest_route=\/wp\/v2\/types\/post"}],"author":[{"embeddable":true,"href":"https:\/\/diarioparanaense.com\/index.php?rest_route=\/wp\/v2\/users\/1"}],"replies":[{"embeddable":true,"href":"https:\/\/diarioparanaense.com\/index.php?rest_route=%2Fwp%2Fv2%2Fcomments&post=2252"}],"version-history":[{"count":1,"href":"https:\/\/diarioparanaense.com\/index.php?rest_route=\/wp\/v2\/posts\/2252\/revisions"}],"predecessor-version":[{"id":2254,"href":"https:\/\/diarioparanaense.com\/index.php?rest_route=\/wp\/v2\/posts\/2252\/revisions\/2254"}],"wp:featuredmedia":[{"embeddable":true,"href":"https:\/\/diarioparanaense.com\/index.php?rest_route=\/wp\/v2\/media\/2253"}],"wp:attachment":[{"href":"https:\/\/diarioparanaense.com\/index.php?rest_route=%2Fwp%2Fv2%2Fmedia&parent=2252"}],"wp:term":[{"taxonomy":"category","embeddable":true,"href":"https:\/\/diarioparanaense.com\/index.php?rest_route=%2Fwp%2Fv2%2Fcategories&post=2252"},{"taxonomy":"post_tag","embeddable":true,"href":"https:\/\/diarioparanaense.com\/index.php?rest_route=%2Fwp%2Fv2%2Ftags&post=2252"}],"curies":[{"name":"wp","href":"https:\/\/api.w.org\/{rel}","templated":true}]}}