{"id":2238,"date":"2024-03-01T11:34:52","date_gmt":"2024-03-01T14:34:52","guid":{"rendered":"https:\/\/diarioparanaense.com\/?p=2238"},"modified":"2024-03-01T11:34:53","modified_gmt":"2024-03-01T14:34:53","slug":"otavio-cillo-divulga-ep2-de-projeto-audiovisual","status":"publish","type":"post","link":"https:\/\/diarioparanaense.com\/?p=2238","title":{"rendered":"Ot\u00e1vio Cillo divulga EP2 de projeto audiovisual"},"content":{"rendered":"\n<p class=\"has-medium-font-size\">Com duas faixas in\u00e9ditas e uma regrava\u00e7\u00e3o, EP chega \u00e0s plataformas digitais no dia 29 de fevereiro<\/p>\n\n\n\n<p>O cantor e compositor Ot\u00e1vio Cillo, uma das promessas para a nova gera\u00e7\u00e3o do sertanejo, divulga nesta quinta-feira (29) o segundo EP do seu projeto audiovisual intitulado \u201cOt\u00e1vio Cillo Ao Vivo\u201d. O trabalho estar\u00e1 dispon\u00edvel em todas as plataformas digitais.<\/p>\n\n\n\n<p>Com duas faixas in\u00e9ditas (\u201cTop 1\u201d e \u201cAuge da Indiferen\u00e7a\u201d) e um pout-pourri dos sucessos \u201cRomance\/Enquanto Houver Raz\u00f5es\/Maus Bocados\u201d, este EP chega sendo uma grande aposta do artista para o in\u00edcio deste ano. \u201cS\u00e3o m\u00fasicas que ficam na cabe\u00e7a e que o pessoal vai gostar, tenho certeza! Tamb\u00e9m tem uma regrava\u00e7\u00e3o de m\u00fasicas que marcaram o sertanejo e, com certeza, todo mundo vai ouvir e vai falar \u2018olha, eu lembro disso a\u00ed\u2019 (risos)\u201d, comenta Ot\u00e1vio Cillo.<\/p>\n\n\n\n<p>A faixa foco deste ciclo ser\u00e1 o single \u201cTop 1\u201d, que tamb\u00e9m ganha um videoclipe. \u201cQuando eu ouvi essa m\u00fasica pela primeira vez, logo me apaixonei e sabia que precisava entrar no repert\u00f3rio. Foi uma faixa que grudou na cabe\u00e7a eu pensei que, se eu fiquei com ela na cabe\u00e7a, as pessoas tamb\u00e9m v\u00e3o ficar\u201d, relembra o artista.<\/p>\n\n\n\n<p>Por ser o primeiro lan\u00e7amento do ano, as expectativas est\u00e3o alt\u00edssimas. \u201cEstou ansioso para a divulga\u00e7\u00e3o, s\u00e3o m\u00fasicas muito boas, que t\u00eam a cara do povo, sabe? Eu aposto muito nessas faixas e acho que o p\u00fablico vai gostar\u201d, completa Ot\u00e1vio. \u201cO EP tem cara de que vai tocar no churrasco, na praia e em todo lugar, se Deus quiser\u201d, finaliza.<\/p>\n\n\n\n<p>\u201cOt\u00e1vio Cillo Ao Vivo\u201d foi gravado na Villa BBM, em Alphaville, na cidade de Santana de Parna\u00edba (SP), com produ\u00e7\u00e3o de Diego de Souza e dire\u00e7\u00e3o de v\u00eddeo de Will Santos. A divulga\u00e7\u00e3o do trabalho foi iniciada no fim de 2023 com o lan\u00e7amento do primeiro EP do projeto, o \u00faltimo bloco do registro audiovisual deve ser divulgado nos&nbsp;pr\u00f3ximos&nbsp;meses.<\/p>\n","protected":false},"excerpt":{"rendered":"<p>Com duas faixas in\u00e9ditas e uma regrava\u00e7\u00e3o, EP chega \u00e0s plataformas digitais no dia 29 de fevereiro O cantor e compositor Ot\u00e1vio Cillo, uma das promessas para a nova gera\u00e7\u00e3o do sertanejo, divulga nesta quinta-feira (29) o segundo EP do seu projeto audiovisual intitulado \u201cOt\u00e1vio Cillo Ao Vivo\u201d. O trabalho estar\u00e1 dispon\u00edvel em todas as [&hellip;]<\/p>\n","protected":false},"author":1,"featured_media":2240,"comment_status":"open","ping_status":"open","sticky":false,"template":"","format":"standard","meta":{"footnotes":""},"categories":[27],"tags":[],"class_list":["post-2238","post","type-post","status-publish","format-standard","has-post-thumbnail","hentry","category-musica"],"_links":{"self":[{"href":"https:\/\/diarioparanaense.com\/index.php?rest_route=\/wp\/v2\/posts\/2238","targetHints":{"allow":["GET"]}}],"collection":[{"href":"https:\/\/diarioparanaense.com\/index.php?rest_route=\/wp\/v2\/posts"}],"about":[{"href":"https:\/\/diarioparanaense.com\/index.php?rest_route=\/wp\/v2\/types\/post"}],"author":[{"embeddable":true,"href":"https:\/\/diarioparanaense.com\/index.php?rest_route=\/wp\/v2\/users\/1"}],"replies":[{"embeddable":true,"href":"https:\/\/diarioparanaense.com\/index.php?rest_route=%2Fwp%2Fv2%2Fcomments&post=2238"}],"version-history":[{"count":1,"href":"https:\/\/diarioparanaense.com\/index.php?rest_route=\/wp\/v2\/posts\/2238\/revisions"}],"predecessor-version":[{"id":2243,"href":"https:\/\/diarioparanaense.com\/index.php?rest_route=\/wp\/v2\/posts\/2238\/revisions\/2243"}],"wp:featuredmedia":[{"embeddable":true,"href":"https:\/\/diarioparanaense.com\/index.php?rest_route=\/wp\/v2\/media\/2240"}],"wp:attachment":[{"href":"https:\/\/diarioparanaense.com\/index.php?rest_route=%2Fwp%2Fv2%2Fmedia&parent=2238"}],"wp:term":[{"taxonomy":"category","embeddable":true,"href":"https:\/\/diarioparanaense.com\/index.php?rest_route=%2Fwp%2Fv2%2Fcategories&post=2238"},{"taxonomy":"post_tag","embeddable":true,"href":"https:\/\/diarioparanaense.com\/index.php?rest_route=%2Fwp%2Fv2%2Ftags&post=2238"}],"curies":[{"name":"wp","href":"https:\/\/api.w.org\/{rel}","templated":true}]}}