{"id":2237,"date":"2024-03-01T11:47:31","date_gmt":"2024-03-01T14:47:31","guid":{"rendered":"https:\/\/diarioparanaense.com\/?p=2237"},"modified":"2024-03-01T11:47:31","modified_gmt":"2024-03-01T14:47:31","slug":"amigos-do-hc-capta-recursos-para-tres-projetos-culturais","status":"publish","type":"post","link":"https:\/\/diarioparanaense.com\/?p=2237","title":{"rendered":"Amigos do HC capta recursos para tr\u00eas projetos culturais"},"content":{"rendered":"\n<p class=\"has-medium-font-size\">\u201cViver N\u00e3o Tem Idade\u201d, \u201cCores Fora da Tela\u201d e \u201cFlores de Maudie\u201d podem ser apoiados via doa\u00e7\u00e3o de imposto de renda de pessoa f\u00edsica e jur\u00eddica<\/p>\n\n\n\n<p>A chegada do m\u00eas de mar\u00e7o inicia o prazo de Declara\u00e7\u00e3o do Imposto de Renda (IR), que este ano vai de 15 de mar\u00e7o a 31 de maio, para pessoa f\u00edsica. Todo ano, esta \u00e9 uma oportunidade para fazer doa\u00e7\u00f5es a projetos culturais via leis de incentivo. A Associa\u00e7\u00e3o dos Amigos do Hospital de Cl\u00ednicas (AAHC) est\u00e1 com tr\u00eas projetos culturais aptos para capta\u00e7\u00e3o de recursos, voltados \u00e0 Lei de Incentivo \u00e0 Cultura.<\/p>\n\n\n\n<p>Conhe\u00e7a os projetos e fa\u00e7a sua doa\u00e7\u00e3o, que pode ser de at\u00e9 6% pelo IR pessoa f\u00edsica, ou de at\u00e9 4% para pessoa jur\u00eddica, sobre o lucro real:<\/p>\n\n\n\n<p><strong>Viver N\u00e3o Tem Idade<br><\/strong>A arte como ferramenta de conscientiza\u00e7\u00e3o \u00e9 o mote do projeto &#8220;Viver N\u00e3o Tem Idade&#8221;, em uma experi\u00eancia de sabedoria e reflex\u00f5es sobre a vida, que combate o etarismo nas rela\u00e7\u00f5es da sociedade e busca valorizar as pessoas 60 mais por meio de oficinas art\u00edsticas. O projeto foi idealizado pelos Amigos do HC junto ao programa CEDIVIDA (Centro de Direitos \u00e0 Vida da Pessoa Idosa).<\/p>\n\n\n\n<p>&#8220;O \u2018Viver N\u00e3o Tem Idade\u2019 vem para quebrar barreiras relacionadas aos anos de vida e mostrar que a idade n\u00e3o \u00e9 impedimento para sonhar, realizar e viver a vida em sua plenitude&#8221;, afirma Domingos Murta, presidente do AAHC.<br>Para apresentar o resultado das oficinas art\u00edsticas (que ser\u00e3o realizadas semanalmente, durante seis meses, reunindo 120 pessoas), a segunda etapa do projeto prev\u00ea a realiza\u00e7\u00e3o de uma feira de artes visuais com p\u00fablico estimado de mil participantes.<\/p>\n\n\n\n<p><strong>Cores Fora da Tela<br><\/strong>Quem viveu a inf\u00e2ncia at\u00e9 meados de 1995 deve se lembrar de como era a rotina de escola e brincadeiras basicamente anal\u00f3gicas, antes do advento da internet e dos smartphones. O m\u00e1ximo de tecnologia na rotina era assistir televis\u00e3o e jogar videogame. Mas qual o impacto do excesso de tecnologia no desenvolvimento das novas gera\u00e7\u00f5es? Por meio da criatividade, as crian\u00e7as s\u00e3o convidadas a refletir no projeto &#8220;Cores Fora da Tela&#8221;, idealizado pelo AAHC junto ao programa DEDICA (Defesa dos Direitos das Crian\u00e7as e dos Adolescentes).<\/p>\n\n\n\n<p>O projeto oferece oficinas que combinam di\u00e1logos sobre o equil\u00edbrio entre os mundos real e virtual com atividades l\u00fadicas de conscientiza\u00e7\u00e3o. As crian\u00e7as s\u00e3o incentivadas a criarem ilustra\u00e7\u00f5es inspiradas no trabalho sobre o uso excessivo de telas. Com realiza\u00e7\u00e3o semanal durante seis meses, o &#8220;Cores Fora da Tela&#8221; \u00e9 voltado a crian\u00e7as e adolescentes de Curitiba.<\/p>\n\n\n\n<p><strong>Flores de Maudie<br><\/strong>Inspirado na hist\u00f3ria de Maud Lewis (1901-1970), artista canadense que nasceu com anomalias cong\u00eanitas que causavam dores e deforma\u00e7\u00f5es na coluna e nos p\u00e9s, o projeto &#8220;Flores de Maudie&#8221; foi idealizado pelos Amigos do HC para conscientizar sobre a import\u00e2ncia do cuidado com o corpo e a sa\u00fade para empoderar mulheres. Dessa forma, ser\u00e3o realizadas oficinas que combinam di\u00e1logos informativos com atividades de pintura e desenho, baseadas nas t\u00e9cnicas de Maud Lewis, que expressava na arte sua for\u00e7a para viver.<\/p>\n\n\n\n<p>E como forma de apresentar o resultado dessas oficinas art\u00edsticas, o projeto prev\u00ea a realiza\u00e7\u00e3o de uma interven\u00e7\u00e3o urbana em espa\u00e7o p\u00fablico, produzida por artistas locais a partir das express\u00f5es resultantes das oficinas. &#8220;Ao todo, ser\u00e3o realizadas cinco oficinas com tr\u00eas horas de dura\u00e7\u00e3o para 20 mulheres, totalizando 100 participantes ao final do projeto&#8221;, explica o presidente do AAHC.<\/p>\n\n\n\n<p><strong>Como doar<br><\/strong>Al\u00e9m dos projetos de incentivo, doa\u00e7\u00f5es mensais podem ser feitas para qualquer um dos programas dos Amigos do HC, no valor de R$30,00, R$60,00 ou R$90,00. Para quem optar por fazer doa\u00e7\u00f5es \u00fanicas, o valor pode ser alterado de acordo com o interesse do doador.<\/p>\n\n\n\n<p>Os links est\u00e3o dispon\u00edveis nos sites de cada programa:<br>Amigos do HC: <a href=\"https:\/\/www.amigosdohc.org.br\/doacao-online\/\" target=\"_blank\" rel=\"noreferrer noopener\">https:\/\/www.amigosdohc.org.br\/doacao-online\/<\/a><br>DEDICA: <a href=\"https:\/\/dedica.org.br\/doacao\/\" target=\"_blank\" rel=\"noreferrer noopener\">https:\/\/dedica.org.br\/doacao\/<\/a><br>CEDIVIDA: <a href=\"https:\/\/cedivida.org.br\/home\/doar\/\" target=\"_blank\" rel=\"noreferrer noopener\">https:\/\/cedivida.org.br\/home\/doar\/<\/a><\/p>\n","protected":false},"excerpt":{"rendered":"<p>\u201cViver N\u00e3o Tem Idade\u201d, \u201cCores Fora da Tela\u201d e \u201cFlores de Maudie\u201d podem ser apoiados via doa\u00e7\u00e3o de imposto de renda de pessoa f\u00edsica e jur\u00eddica A chegada do m\u00eas de mar\u00e7o inicia o prazo de Declara\u00e7\u00e3o do Imposto de Renda (IR), que este ano vai de 15 de mar\u00e7o a 31 de maio, para [&hellip;]<\/p>\n","protected":false},"author":1,"featured_media":2244,"comment_status":"open","ping_status":"open","sticky":false,"template":"","format":"standard","meta":{"footnotes":""},"categories":[424],"tags":[],"class_list":["post-2237","post","type-post","status-publish","format-standard","has-post-thumbnail","hentry","category-curitiba"],"_links":{"self":[{"href":"https:\/\/diarioparanaense.com\/index.php?rest_route=\/wp\/v2\/posts\/2237","targetHints":{"allow":["GET"]}}],"collection":[{"href":"https:\/\/diarioparanaense.com\/index.php?rest_route=\/wp\/v2\/posts"}],"about":[{"href":"https:\/\/diarioparanaense.com\/index.php?rest_route=\/wp\/v2\/types\/post"}],"author":[{"embeddable":true,"href":"https:\/\/diarioparanaense.com\/index.php?rest_route=\/wp\/v2\/users\/1"}],"replies":[{"embeddable":true,"href":"https:\/\/diarioparanaense.com\/index.php?rest_route=%2Fwp%2Fv2%2Fcomments&post=2237"}],"version-history":[{"count":1,"href":"https:\/\/diarioparanaense.com\/index.php?rest_route=\/wp\/v2\/posts\/2237\/revisions"}],"predecessor-version":[{"id":2245,"href":"https:\/\/diarioparanaense.com\/index.php?rest_route=\/wp\/v2\/posts\/2237\/revisions\/2245"}],"wp:featuredmedia":[{"embeddable":true,"href":"https:\/\/diarioparanaense.com\/index.php?rest_route=\/wp\/v2\/media\/2244"}],"wp:attachment":[{"href":"https:\/\/diarioparanaense.com\/index.php?rest_route=%2Fwp%2Fv2%2Fmedia&parent=2237"}],"wp:term":[{"taxonomy":"category","embeddable":true,"href":"https:\/\/diarioparanaense.com\/index.php?rest_route=%2Fwp%2Fv2%2Fcategories&post=2237"},{"taxonomy":"post_tag","embeddable":true,"href":"https:\/\/diarioparanaense.com\/index.php?rest_route=%2Fwp%2Fv2%2Ftags&post=2237"}],"curies":[{"name":"wp","href":"https:\/\/api.w.org\/{rel}","templated":true}]}}