{"id":2228,"date":"2024-02-29T11:03:24","date_gmt":"2024-02-29T14:03:24","guid":{"rendered":"https:\/\/diarioparanaense.com\/?p=2228"},"modified":"2024-02-29T11:03:25","modified_gmt":"2024-02-29T14:03:25","slug":"uso-excessivo-de-aparelhos-celulares-pode-gerar-lesoes-em-tendoes-e-nervos-da-mao","status":"publish","type":"post","link":"https:\/\/diarioparanaense.com\/?p=2228","title":{"rendered":"Uso excessivo de aparelhos celulares pode gerar les\u00f5es em tend\u00f5es e nervos da m\u00e3o"},"content":{"rendered":"\n<p class=\"has-medium-font-size\">Especialista do Hospital S\u00e3o Vicente ressalta que alguns casos podem requerer interven\u00e7\u00e3o cir\u00fargica com afastamento de at\u00e9 dois meses das atividades cotidianas<\/p>\n\n\n\n<p>Os aparelhos celulares fazem parte da rotina dos brasileiros. A 34\u00aa edi\u00e7\u00e3o da Pesquisa Anual do FGVcia sobre o Mercado Brasileiro de TI e Uso nas Empresas, desenvolvida pelo Centro de Tecnologia de Informa\u00e7\u00e3o Aplicada da Escola de Administra\u00e7\u00e3o de Empresas de S\u00e3o Paulo (FGVcia), aponta que 249 milh\u00f5es de smartphones s\u00e3o utilizados no Brasil, o que resulta em uma m\u00e9dia de 1,2 dispositivo por pessoa. Com mais de um dispositivo ativo por habitante, o alerta vai para o uso excessivo dos aparelhos, que pode resultar em les\u00f5es em tend\u00f5es e nervos da m\u00e3o.<\/p>\n\n\n\n<p>Segundo Luciano Drigo, m\u00e9dico especialista em cirurgia de m\u00e3o no Hospital S\u00e3o Vicente, esse h\u00e1bito pode originar quadros de tendinite ou neuropatia compressiva, que apresentam sintomas como dores no local, dificuldades para estender ou flexionar os dedos, sensa\u00e7\u00e3o de estalos e rangidos ao movimentar as extremidades da m\u00e3o, edemas e incha\u00e7os nessa regi\u00e3o, bem como vermelhid\u00e3o no trajeto do tend\u00e3o. Em caso de problemas no nervo, ainda \u00e9 poss\u00edvel o registro de formigamento ou amortecimento.<\/p>\n\n\n\n<p>Os sinais de alerta apontam para o uso desmedido dos celulares que, hoje, j\u00e1 \u00e9 uma realidade entre os brasileiros. De acordo com levantamento da empresa de tecnologia ElectronicsHub, no Brasil, os usu\u00e1rios passam mais de nove horas por dia em frente a telas &#8211; nove horas e 32 minutos. Apenas os usu\u00e1rios da \u00c1frica do Sul apresentaram maior tempo de uso no estudo, com nove horas e 38 minutos.<\/p>\n\n\n\n<p>\u201cA maioria das pessoas que desenvolvem essas patologias apresentam uma pr\u00e9-disposi\u00e7\u00e3o para elas, seja heredit\u00e1ria ou ocupacional. Ou seja, que n\u00e3o praticam atividades f\u00edsicas, que n\u00e3o fazem alongamento ou algum esporte. A primeira recomenda\u00e7\u00e3o que fa\u00e7o para essas pessoas \u00e9 afastar o agente causador \u2013 que, no caso, \u00e9 o uso excessivo do celular. Ao afast\u00e1-lo, vamos investigar as demais causas e tratar diretamente essas condi\u00e7\u00f5es\u201d, explica Drigo.<\/p>\n\n\n\n<p>Ao identificar a exist\u00eancia de algum dos sintomas, \u00e9 fundamental que o paciente busque aux\u00edlio m\u00e9dico especializado. Segundo o especialista, essas condi\u00e7\u00f5es, caso n\u00e3o sejam tratadas corretamente, podem acarretar na necessidade de procedimento cir\u00fargico para a descompress\u00e3o. \u201cQuando mexemos com o nervo, o risco \u00e9 sempre maior, porque \u00e9 um tecido muito espec\u00edfico e sens\u00edvel. O paciente, provavelmente, ter\u00e1 que ficar afastado das condi\u00e7\u00f5es cotidianas, em m\u00e9dia, de um a dois meses.\u201d, prossegue.<\/p>\n\n\n\n<p>O diagn\u00f3stico precoce pode auxiliar o paciente a identificar qual a patologia exposta e, ainda, evitar poss\u00edveis desdobramentos da doen\u00e7a. Na maioria dos casos, a consulta m\u00e9dica junto a um especialista garante o diagn\u00f3stico correto, o que permite o in\u00edcio do tratamento para&nbsp;a&nbsp;condi\u00e7\u00e3o.<\/p>\n","protected":false},"excerpt":{"rendered":"<p>Especialista do Hospital S\u00e3o Vicente ressalta que alguns casos podem requerer interven\u00e7\u00e3o cir\u00fargica com afastamento de at\u00e9 dois meses das atividades cotidianas Os aparelhos celulares fazem parte da rotina dos brasileiros. A 34\u00aa edi\u00e7\u00e3o da Pesquisa Anual do FGVcia sobre o Mercado Brasileiro de TI e Uso nas Empresas, desenvolvida pelo Centro de Tecnologia de [&hellip;]<\/p>\n","protected":false},"author":1,"featured_media":2229,"comment_status":"open","ping_status":"open","sticky":false,"template":"","format":"standard","meta":{"footnotes":""},"categories":[29],"tags":[],"class_list":["post-2228","post","type-post","status-publish","format-standard","has-post-thumbnail","hentry","category-artigos"],"_links":{"self":[{"href":"https:\/\/diarioparanaense.com\/index.php?rest_route=\/wp\/v2\/posts\/2228","targetHints":{"allow":["GET"]}}],"collection":[{"href":"https:\/\/diarioparanaense.com\/index.php?rest_route=\/wp\/v2\/posts"}],"about":[{"href":"https:\/\/diarioparanaense.com\/index.php?rest_route=\/wp\/v2\/types\/post"}],"author":[{"embeddable":true,"href":"https:\/\/diarioparanaense.com\/index.php?rest_route=\/wp\/v2\/users\/1"}],"replies":[{"embeddable":true,"href":"https:\/\/diarioparanaense.com\/index.php?rest_route=%2Fwp%2Fv2%2Fcomments&post=2228"}],"version-history":[{"count":1,"href":"https:\/\/diarioparanaense.com\/index.php?rest_route=\/wp\/v2\/posts\/2228\/revisions"}],"predecessor-version":[{"id":2230,"href":"https:\/\/diarioparanaense.com\/index.php?rest_route=\/wp\/v2\/posts\/2228\/revisions\/2230"}],"wp:featuredmedia":[{"embeddable":true,"href":"https:\/\/diarioparanaense.com\/index.php?rest_route=\/wp\/v2\/media\/2229"}],"wp:attachment":[{"href":"https:\/\/diarioparanaense.com\/index.php?rest_route=%2Fwp%2Fv2%2Fmedia&parent=2228"}],"wp:term":[{"taxonomy":"category","embeddable":true,"href":"https:\/\/diarioparanaense.com\/index.php?rest_route=%2Fwp%2Fv2%2Fcategories&post=2228"},{"taxonomy":"post_tag","embeddable":true,"href":"https:\/\/diarioparanaense.com\/index.php?rest_route=%2Fwp%2Fv2%2Ftags&post=2228"}],"curies":[{"name":"wp","href":"https:\/\/api.w.org\/{rel}","templated":true}]}}