{"id":2219,"date":"2024-02-28T11:53:19","date_gmt":"2024-02-28T14:53:19","guid":{"rendered":"https:\/\/diarioparanaense.com\/?p=2219"},"modified":"2024-02-28T11:53:19","modified_gmt":"2024-02-28T14:53:19","slug":"bairros-santa-quiteria-e-boqueirao-recebem-esquadrao-contra-a-dengue","status":"publish","type":"post","link":"https:\/\/diarioparanaense.com\/?p=2219","title":{"rendered":"Bairros Santa Quit\u00e9ria e Boqueir\u00e3o recebem esquadr\u00e3o contra a dengue"},"content":{"rendered":"\n<p class=\"has-medium-font-size\">Brigada da Escola Atua\u00e7\u00e3o atua na preven\u00e7\u00e3o da transmiss\u00e3o da doen\u00e7a<\/p>\n\n\n\n<p>O Paran\u00e1 registrou mais de 45 mil casos de dengue desde 30 de julho de 2023, com 24 mil ocorr\u00eancias somente no m\u00eas de fevereiro, segundo dados da Secretaria de Estado da Sa\u00fade (SESA). Com o aumento dos casos, a Escola Atua\u00e7\u00e3o, de Curitiba, criou um projeto para diminuir os criadouros do aedes aegypti na comunidade.<\/p>\n\n\n\n<p>A chamada Brigada da Dengue monitora \u00e1reas no entorno da institui\u00e7\u00e3o como forma de prevenir a transmiss\u00e3o. O projeto \u00e9 composto por uma equipe de estudantes e professores que realizam rondas na regi\u00e3o para verificar os pontos de \u00e1gua parada, pesquisar sobre a doen\u00e7a e produzir v\u00eddeos de alerta para compartilhamento com as fam\u00edlias.<\/p>\n\n\n\n<p>\u201cO objetivo do projeto \u00e9 mostrar para as crian\u00e7as a import\u00e2ncia do trabalho colaborativo e comunit\u00e1rio. Al\u00e9m disso, com a Brigada, podemos fazer a diferen\u00e7a na nossa cidade\u201d, explica a conselheira e psicopedagoga da Escola Atua\u00e7\u00e3o, Esther Cristina&nbsp;Pereira.<\/p>\n","protected":false},"excerpt":{"rendered":"<p>Brigada da Escola Atua\u00e7\u00e3o atua na preven\u00e7\u00e3o da transmiss\u00e3o da doen\u00e7a O Paran\u00e1 registrou mais de 45 mil casos de dengue desde 30 de julho de 2023, com 24 mil ocorr\u00eancias somente no m\u00eas de fevereiro, segundo dados da Secretaria de Estado da Sa\u00fade (SESA). Com o aumento dos casos, a Escola Atua\u00e7\u00e3o, de Curitiba, [&hellip;]<\/p>\n","protected":false},"author":1,"featured_media":2220,"comment_status":"open","ping_status":"open","sticky":false,"template":"","format":"standard","meta":{"footnotes":""},"categories":[424,164],"tags":[],"class_list":["post-2219","post","type-post","status-publish","format-standard","has-post-thumbnail","hentry","category-curitiba","category-saude-2"],"_links":{"self":[{"href":"https:\/\/diarioparanaense.com\/index.php?rest_route=\/wp\/v2\/posts\/2219","targetHints":{"allow":["GET"]}}],"collection":[{"href":"https:\/\/diarioparanaense.com\/index.php?rest_route=\/wp\/v2\/posts"}],"about":[{"href":"https:\/\/diarioparanaense.com\/index.php?rest_route=\/wp\/v2\/types\/post"}],"author":[{"embeddable":true,"href":"https:\/\/diarioparanaense.com\/index.php?rest_route=\/wp\/v2\/users\/1"}],"replies":[{"embeddable":true,"href":"https:\/\/diarioparanaense.com\/index.php?rest_route=%2Fwp%2Fv2%2Fcomments&post=2219"}],"version-history":[{"count":1,"href":"https:\/\/diarioparanaense.com\/index.php?rest_route=\/wp\/v2\/posts\/2219\/revisions"}],"predecessor-version":[{"id":2221,"href":"https:\/\/diarioparanaense.com\/index.php?rest_route=\/wp\/v2\/posts\/2219\/revisions\/2221"}],"wp:featuredmedia":[{"embeddable":true,"href":"https:\/\/diarioparanaense.com\/index.php?rest_route=\/wp\/v2\/media\/2220"}],"wp:attachment":[{"href":"https:\/\/diarioparanaense.com\/index.php?rest_route=%2Fwp%2Fv2%2Fmedia&parent=2219"}],"wp:term":[{"taxonomy":"category","embeddable":true,"href":"https:\/\/diarioparanaense.com\/index.php?rest_route=%2Fwp%2Fv2%2Fcategories&post=2219"},{"taxonomy":"post_tag","embeddable":true,"href":"https:\/\/diarioparanaense.com\/index.php?rest_route=%2Fwp%2Fv2%2Ftags&post=2219"}],"curies":[{"name":"wp","href":"https:\/\/api.w.org\/{rel}","templated":true}]}}