{"id":2217,"date":"2024-02-27T17:19:38","date_gmt":"2024-02-27T20:19:38","guid":{"rendered":"https:\/\/diarioparanaense.com\/?p=2217"},"modified":"2024-02-27T17:19:39","modified_gmt":"2024-02-27T20:19:39","slug":"dia-mundial-de-combate-a-ler-dort","status":"publish","type":"post","link":"https:\/\/diarioparanaense.com\/?p=2217","title":{"rendered":"Dia Mundial de Combate \u00e0 LER\/DORT"},"content":{"rendered":"\n<p class=\"has-medium-font-size\">M\u00e9dico ressalta a import\u00e2ncia de buscar ajuda para tratar as les\u00f5es por esfor\u00e7o repetitivo<\/p>\n\n\n\n<p>Em 28 de fevereiro, \u00e9 celebrado o Dia Mundial de Combate \u00e0s Les\u00f5es por Esfor\u00e7o Repetitivo ou Dist\u00farbios Osteomusculares (LER\/DORT). A data foi institu\u00edda pela Organiza\u00e7\u00e3o Mundial da Sa\u00fade (OMS) com o intuito de alertar a popula\u00e7\u00e3o e chamar a aten\u00e7\u00e3o das autoridades a respeito da import\u00e2ncia de adotar cuidados e medidas preventivas contra les\u00f5es associadas \u00e0 repeti\u00e7\u00e3o de movimentos.<\/p>\n\n\n\n<p>As Les\u00f5es por Esfor\u00e7os Repetitivos (LER) ou Dist\u00farbios Osteomusculares Relacionadas ao Trabalho (DORT) s\u00e3o agravos que afetam, em geral, os membros superiores (dedos, m\u00e3os, punhos, antebra\u00e7os, bra\u00e7os, ombro) relacionados \u00e0s exig\u00eancias das tarefas, ambientes f\u00edsicos e, muitas vezes, relacionadas reflexos da press\u00e3o no volume de demandas do trabalho.<\/p>\n\n\n\n<p>Sintomas como dor nos membros superiores e nos dedos, dificuldade para movimenta\u00e7\u00e3o, formigamento, fadiga muscular e inflama\u00e7\u00e3o precisam de aten\u00e7\u00e3o, alerta <a href=\"https:\/\/www.drmarcoaurelio.com.br\">Dr. Marco Aur\u00e9lio Silv\u00e9rio Neves<\/a>,ortopedista e traumatologista especializado em cirurgia de quadril e joelho. As les\u00f5es por esfor\u00e7os repetitivos (LER) e os dist\u00farbios osteomusculares relacionados ao trabalho (Dort) s\u00e3o as doen\u00e7as que mais afetam os trabalhadores brasileiros, segundo estudo do Minist\u00e9rio da Sa\u00fade (MS), gerando sofrrimento e incapacidade funcional para desempenhar suas fun\u00e7\u00f5es no trabalho, e as mulheres s\u00e3o estatisticamente mais afetadas.<\/p>\n\n\n\n<p>O Dr. Marco Aur\u00e9lio destaca que as principais causas para o desenvolvimento de LER\/DORT s\u00e3o as atividades com repetitividade, esfor\u00e7os excessivos, contra\u00e7\u00f5es est\u00e1ticas, posturas incorretas, compress\u00e3o contra superf\u00edcies r\u00edgidas ou pontiagudas, vibra\u00e7\u00e3o excessiva, frio excessivo e ru\u00eddo elevado, entre outras. \u201cAl\u00e9m disso, podem trazer desconforto, dificuldade de movimentar o membro inflamado, fadiga, dor, formigamento, sensa\u00e7\u00e3o de peso no membro afetado. Em alguns casos, pode haver incha\u00e7os, altera\u00e7\u00e3o na colora\u00e7\u00e3o da pele e\/ou na temperatura do membro afetado e limita\u00e7\u00e3o dos movimentos\u201d.<\/p>\n\n\n\n<p>\u201cBusque sempre ajuda de um m\u00e9dico de confian\u00e7a e passe o m\u00e1ximo de informa\u00e7\u00f5es sobre seus sintomas, pois apenas o especialista poder\u00e1 fazer um diagn\u00f3stico correto com uma investiga\u00e7\u00e3o cl\u00ednica e indicar &nbsp;o tratamento mais adequado, ou ainda, h\u00e1 casos que precisam de uma avalia\u00e7\u00e3o multidisciplinar.\u201d<\/p>\n\n\n\n<p>O ortopedista ainda explica que o tratamento \u00e9 de indiv\u00edduo para indiv\u00edduo e pode ser necess\u00e1rio o uso de medicamentos e o repouso das estruturas acometidas. \u201cEm alguns casos, sess\u00f5es de fisioterapia e interven\u00e7\u00e3o cir\u00fargica s\u00e3o recursos terap\u00eauticos a serem considerados dependendo da gravidade da les\u00e3o\u201d, diz o m\u00e9dico.<\/p>\n\n\n\n<p>Como&nbsp; sugest\u00f5es de medidas preventivas, o Dr. Marco Aur\u00e9lio indica avaliar e realizar mudan\u00e7as nos equipamentos e mobili\u00e1rios para uma postura mais correta durante atividades de trabalho, aquecimento e alongamento para um melhor condicionamento musculoesquel\u00e9tico, alternar atividades de trabalho pode ser uma boa estrat\u00e9gia para n\u00e3o ficar tanto tempo em uma mesma a\u00e7\u00e3o, reduzir o esfor\u00e7o manual e repetitivo.<\/p>\n\n\n\n<p><strong>Sobre Dr. Marco Aur\u00e9lio S. Neves<\/strong><\/p>\n\n\n\n<p>Dr Marco Aur\u00e9lio S. Neves, ortopedista e traumatologista, especializado em pr\u00f3teses de quadril e joelho.<\/p>\n\n\n\n<p>Pioneiro no Brasil em t\u00e9cnicas avan\u00e7adas para realiza\u00e7\u00e3o de cirurgias de pr\u00f3tese de quadril e de joelho.&nbsp; Conta com especializa\u00e7\u00e3o em Ortopedia e Traumatologia (2001) e em Cirurgia do Quadril e do Joelho (2002 e 2003), pelo Hospital das Cl\u00ednicas da Faculdade de Medicina da Universidade de S\u00e3o Paulo (HC \u2013 FMUSP).<\/p>\n\n\n\n<p>O grande diferencial do m\u00e9dico s\u00e3o as bases tecnol\u00f3gicas aplicadas na pr\u00f3tese de joelho, o uso de guias customizadas feitas sob medida para cada paciente, por meio de impress\u00e3o 3D, aumenta a precis\u00e3o da cirurgia, otimizando os resultados. E na cirurgia de pr\u00f3tese de quadril, pioneiro na utiliza\u00e7\u00e3o da via anterior \u00e9 a \u00fanica que possibilita o m\u00e9todo verdadeiramente n\u00e3o invasivo (AMIS), preservando m\u00fasculos e tend\u00f5es.<\/p>\n\n\n\n<p>A realidade aumentada e a rob\u00f3tica para diminuir a agress\u00e3o da cirurgia e permitir uma recupera\u00e7\u00e3o mais r\u00e1pida tamb\u00e9m j\u00e1 s\u00e3o uma realidade. Um dos pioneiros no Brasil em t\u00e9cnicas avan\u00e7adas para realiza\u00e7\u00e3o de cirurgias de pr\u00f3tese de quadril e de joelho.<\/p>\n\n\n\n<p>Especializa\u00e7\u00f5es em centros de refer\u00eancia em cirurgia ortop\u00e9dica do mundo, entre eles: Presbyterian Hospital Plano (Texas, Estados Unidos, 2004), Hospital Jan Palfij (Gent, B\u00e9lgica, 2006), Clinic Dr. Decker (Munique, Alemanha, 2006), The Steadman Clinic (Vail, Estados Unidos, 2009), South West London Orthopaedic Center (Inglaterra, 2013), Le Centre M\u00e9dico Chirurgical Paris V (Paris, Fran\u00e7a, 2015).<\/p>\n\n\n\n<p><strong>Para mais informa\u00e7\u00f5es:<\/strong><a href=\"http:\/\/www.drmarcoaurelio.com.br\"> www.drmarcoaurelio.com.br<\/a><\/p>\n\n\n\n<p><strong>Instagram<\/strong>: @drmarcoaurelio.ortopedia Linkedin: marco-aurelio-silverio-neves<\/p>\n","protected":false},"excerpt":{"rendered":"<p>M\u00e9dico ressalta a import\u00e2ncia de buscar ajuda para tratar as les\u00f5es por esfor\u00e7o repetitivo Em 28 de fevereiro, \u00e9 celebrado o Dia Mundial de Combate \u00e0s Les\u00f5es por Esfor\u00e7o Repetitivo ou Dist\u00farbios Osteomusculares (LER\/DORT). A data foi institu\u00edda pela Organiza\u00e7\u00e3o Mundial da Sa\u00fade (OMS) com o intuito de alertar a popula\u00e7\u00e3o e chamar a aten\u00e7\u00e3o [&hellip;]<\/p>\n","protected":false},"author":1,"featured_media":1690,"comment_status":"open","ping_status":"open","sticky":false,"template":"","format":"standard","meta":{"footnotes":""},"categories":[164],"tags":[],"class_list":["post-2217","post","type-post","status-publish","format-standard","has-post-thumbnail","hentry","category-saude-2"],"_links":{"self":[{"href":"https:\/\/diarioparanaense.com\/index.php?rest_route=\/wp\/v2\/posts\/2217","targetHints":{"allow":["GET"]}}],"collection":[{"href":"https:\/\/diarioparanaense.com\/index.php?rest_route=\/wp\/v2\/posts"}],"about":[{"href":"https:\/\/diarioparanaense.com\/index.php?rest_route=\/wp\/v2\/types\/post"}],"author":[{"embeddable":true,"href":"https:\/\/diarioparanaense.com\/index.php?rest_route=\/wp\/v2\/users\/1"}],"replies":[{"embeddable":true,"href":"https:\/\/diarioparanaense.com\/index.php?rest_route=%2Fwp%2Fv2%2Fcomments&post=2217"}],"version-history":[{"count":1,"href":"https:\/\/diarioparanaense.com\/index.php?rest_route=\/wp\/v2\/posts\/2217\/revisions"}],"predecessor-version":[{"id":2218,"href":"https:\/\/diarioparanaense.com\/index.php?rest_route=\/wp\/v2\/posts\/2217\/revisions\/2218"}],"wp:featuredmedia":[{"embeddable":true,"href":"https:\/\/diarioparanaense.com\/index.php?rest_route=\/wp\/v2\/media\/1690"}],"wp:attachment":[{"href":"https:\/\/diarioparanaense.com\/index.php?rest_route=%2Fwp%2Fv2%2Fmedia&parent=2217"}],"wp:term":[{"taxonomy":"category","embeddable":true,"href":"https:\/\/diarioparanaense.com\/index.php?rest_route=%2Fwp%2Fv2%2Fcategories&post=2217"},{"taxonomy":"post_tag","embeddable":true,"href":"https:\/\/diarioparanaense.com\/index.php?rest_route=%2Fwp%2Fv2%2Ftags&post=2217"}],"curies":[{"name":"wp","href":"https:\/\/api.w.org\/{rel}","templated":true}]}}