{"id":2214,"date":"2024-02-27T15:40:58","date_gmt":"2024-02-27T18:40:58","guid":{"rendered":"https:\/\/diarioparanaense.com\/?p=2214"},"modified":"2024-02-27T15:40:59","modified_gmt":"2024-02-27T18:40:59","slug":"modalidade-short-stay-aquece-o-mercado-imobiliario-durante-o-periodo-de-inicio-das-aulas-em-universidades","status":"publish","type":"post","link":"https:\/\/diarioparanaense.com\/?p=2214","title":{"rendered":"Modalidade Short Stay aquece o mercado imobili\u00e1rio durante o per\u00edodo de in\u00edcio das aulas em universidades"},"content":{"rendered":"\n<p class=\"has-medium-font-size\">Loca\u00e7\u00e3o de curto prazo \u00e9 op\u00e7\u00e3o pr\u00e1tica e flex\u00edvel para estudantes de outras cidades; Apolar Im\u00f3veis prev\u00ea o crescimento de 10% no segmento em 2024 em Curitiba<\/p>\n\n\n\n<p>Com o in\u00edcio das aulas nas universidades, a flexibilidade na loca\u00e7\u00e3o \u00e9 uma oportunidade para muitos estudantes que precisam sair de suas cidades e conseguir uma moradia de forma r\u00e1pida. Para atender a essa demanda em Curitiba, a modalidade Short Stay, da Apolar Im\u00f3veis, rede imobili\u00e1ria do sul do pa\u00eds, viabiliza aluguel de curta dura\u00e7\u00e3o para im\u00f3veis totalmente mobiliados em regi\u00f5es estrat\u00e9gicas, o que facilita a locomo\u00e7\u00e3o para quem n\u00e3o conhece a regi\u00e3o.<\/p>\n\n\n\n<p>Segundo o CEO da Rede Apolar, Gutemberg Raicherth, esse costuma ser um per\u00edodo em que a procura feita por universit\u00e1rios costuma ser maior, pois, em alguns casos, o estudante n\u00e3o tem disponibilidade para buscar um im\u00f3vel com anteced\u00eancia. \u201cNo ano passado, j\u00e1 tivemos uma boa resposta do consumidor em rela\u00e7\u00e3o a essa modalidade. Com mais planejamento e oferta de bons apartamentos e est\u00fadios, a expectativa \u00e9 que a procura cres\u00e7a 10% em 2024\u201d, explica.<\/p>\n\n\n\n<p>Disseminado nos Estados Unidos e Europa, o conceito est\u00e1 ganhando cada vez mais for\u00e7a, pois, de acordo com o CEO, as novas gera\u00e7\u00f5es e as mudan\u00e7as no comportamento do consumidor trazem a loca\u00e7\u00e3o tempor\u00e1ria, de maneira descomplicada e profissional, como uma tend\u00eancia no mercado imobili\u00e1rio, j\u00e1 que o aluguel convencional costuma exigir a contrata\u00e7\u00e3o pelo per\u00edodo m\u00ednimo de um ano.<\/p>\n\n\n\n<p>Short Stay Apolar Im\u00f3veis<br>Com loca\u00e7\u00f5es dispon\u00edveis para at\u00e9 90 dias, a iniciativa disponibiliza apartamentos e est\u00fadios com mob\u00edlia completa e alocados em regi\u00f5es de f\u00e1cil acesso na capital paranaense. Al\u00e9m de estarem situados pr\u00f3ximos \u00e0s rotas de sa\u00edda da cidade, tamb\u00e9m contam com uma estrutura completa na regi\u00e3o, com supermercados, hospitais, farm\u00e1cias, entre outros estabelecimentos que facilitam a rotina do estudante.<\/p>\n\n\n\n<p>\u201cO contrato regular costuma ser de 30 a 90 dias, todo pensado para garantir um processo otimizado e pr\u00e1tico com loca\u00e7\u00f5es em torno de R$ 1.800. As tarifas de \u00e1gua, luz e internet, por exemplo, s\u00e3o cobradas por um sistema de apenas uma guia. At\u00e9 mesmo itens pessoais, como roupa de cama e toalha, s\u00e3o oferecidos em kits \u00e0 parte do valor do aluguel para quem necessitar\u201d, completa&nbsp;Raicherth.<\/p>\n","protected":false},"excerpt":{"rendered":"<p>Loca\u00e7\u00e3o de curto prazo \u00e9 op\u00e7\u00e3o pr\u00e1tica e flex\u00edvel para estudantes de outras cidades; Apolar Im\u00f3veis prev\u00ea o crescimento de 10% no segmento em 2024 em Curitiba Com o in\u00edcio das aulas nas universidades, a flexibilidade na loca\u00e7\u00e3o \u00e9 uma oportunidade para muitos estudantes que precisam sair de suas cidades e conseguir uma moradia de [&hellip;]<\/p>\n","protected":false},"author":1,"featured_media":2215,"comment_status":"open","ping_status":"open","sticky":false,"template":"","format":"standard","meta":{"footnotes":""},"categories":[424],"tags":[],"class_list":["post-2214","post","type-post","status-publish","format-standard","has-post-thumbnail","hentry","category-curitiba"],"_links":{"self":[{"href":"https:\/\/diarioparanaense.com\/index.php?rest_route=\/wp\/v2\/posts\/2214","targetHints":{"allow":["GET"]}}],"collection":[{"href":"https:\/\/diarioparanaense.com\/index.php?rest_route=\/wp\/v2\/posts"}],"about":[{"href":"https:\/\/diarioparanaense.com\/index.php?rest_route=\/wp\/v2\/types\/post"}],"author":[{"embeddable":true,"href":"https:\/\/diarioparanaense.com\/index.php?rest_route=\/wp\/v2\/users\/1"}],"replies":[{"embeddable":true,"href":"https:\/\/diarioparanaense.com\/index.php?rest_route=%2Fwp%2Fv2%2Fcomments&post=2214"}],"version-history":[{"count":1,"href":"https:\/\/diarioparanaense.com\/index.php?rest_route=\/wp\/v2\/posts\/2214\/revisions"}],"predecessor-version":[{"id":2216,"href":"https:\/\/diarioparanaense.com\/index.php?rest_route=\/wp\/v2\/posts\/2214\/revisions\/2216"}],"wp:featuredmedia":[{"embeddable":true,"href":"https:\/\/diarioparanaense.com\/index.php?rest_route=\/wp\/v2\/media\/2215"}],"wp:attachment":[{"href":"https:\/\/diarioparanaense.com\/index.php?rest_route=%2Fwp%2Fv2%2Fmedia&parent=2214"}],"wp:term":[{"taxonomy":"category","embeddable":true,"href":"https:\/\/diarioparanaense.com\/index.php?rest_route=%2Fwp%2Fv2%2Fcategories&post=2214"},{"taxonomy":"post_tag","embeddable":true,"href":"https:\/\/diarioparanaense.com\/index.php?rest_route=%2Fwp%2Fv2%2Ftags&post=2214"}],"curies":[{"name":"wp","href":"https:\/\/api.w.org\/{rel}","templated":true}]}}