{"id":2185,"date":"2024-02-22T16:52:26","date_gmt":"2024-02-22T19:52:26","guid":{"rendered":"https:\/\/diarioparanaense.com\/?p=2185"},"modified":"2024-02-22T16:52:27","modified_gmt":"2024-02-22T19:52:27","slug":"o-poder-da-musica","status":"publish","type":"post","link":"https:\/\/diarioparanaense.com\/?p=2185","title":{"rendered":"O poder da m\u00fasica"},"content":{"rendered":"\n<p>O poder da m\u00fasica<\/p>\n\n\n\n<p class=\"has-medium-font-size\">Como a melodia inspira a humanidade a continuar em frente desde sempre<\/p>\n\n\n\n<p>Neste universo das experi\u00eancias humanas, a m\u00fasica est\u00e1 entre as linguagens que t\u00eam um poder universal e atemporal. Desde ritmos ancestrais at\u00e9 sinfonias complexas e em toda a diversidade musical moderna, a m\u00fasica marca a vida das pessoas, as culturas, ultrapassa fronteiras e gera\u00e7\u00f5es, unindo a humanidade em uma linguagem em comum, que fala diretamente \u00e0 alma.<\/p>\n\n\n\n<p><br>Especialistas em diversas \u00e1reas, da neuroci\u00eancia \u00e0 psicologia e al\u00e9m, t\u00eam se dedicado a desvendar os mist\u00e9rios dessa influ\u00eancia profunda que a m\u00fasica desperta nas pessoas. A m\u00fasica n\u00e3o apenas entret\u00e9m, mas tamb\u00e9m possui um impacto significativo na sa\u00fade mental, f\u00edsica e emocional das pessoas.<\/p>\n\n\n\n<p><br>&#8220;A m\u00fasica tem a capacidade de inspirar o cora\u00e7\u00e3o, com sentimento, trazendo reflex\u00e3o, motiva\u00e7\u00e3o, felicidade e anima\u00e7\u00e3o. A m\u00fasica est\u00e1 presente no dia a dia sendo trilha musical da nossa vida, tornando a exist\u00eancia uma experi\u00eancia significativa, mais leve e bela&#8221;, diz a cantora Carine Nunes.<\/p>\n\n\n\n<p><br>Falando do aspecto emocional, a m\u00fasica tem o poder de evocar e intensificar sentimentos, agindo como uma ponte para lembran\u00e7as, mem\u00f3rias distantes ou como um catalisador para novas experi\u00eancias. Ela oferece conforto em momentos de tristeza e amplifica a alegria em momentos de celebra\u00e7\u00e3o. &#8220;Em um n\u00edvel mais \u00edntimo, a m\u00fasica pode ser uma express\u00e3o pessoal de identidade e emo\u00e7\u00f5es, permitindo que as pessoas se conectem consigo mesmas e com os outros de maneira profunda e significativa.&#8221; Diz a cantora<\/p>\n\n\n\n<p><br>Do ponto de vista f\u00edsico, a influ\u00eancia da m\u00fasica \u00e9 igualmente impressionante. Estudos mostram que a m\u00fasica pode influenciar no desempenho atl\u00e9tico, reduzir o estresse e at\u00e9 mesmo aliviar a dor. Al\u00e9m disso, terapias baseadas em m\u00fasica t\u00eam mostrado resultados promissores no tratamento de condi\u00e7\u00f5es como depress\u00e3o, ansiedade e transtorno do estresse p\u00f3s-traum\u00e1tico.No \u00e2mbito cognitivo, a m\u00fasica tem o poder de estimular o c\u00e9rebro, a mem\u00f3ria e a concentra\u00e7\u00e3o. Em crian\u00e7as, a educa\u00e7\u00e3o musical tem sido associada a melhorias no desenvolvimento intelectual, incluindo habilidades lingu\u00edsticas e matem\u00e1ticas.A m\u00fasica vai al\u00e9m do entretenimento, agindo como uma fonte de inspira\u00e7\u00e3o, reflex\u00e3o, motiva\u00e7\u00e3o, um elo de conex\u00e3o entre as pessoas, seja atrav\u00e9s de um concerto ao vivo que une milhares de pessoas, que em sua maioria n\u00e3o se conhecem, mas est\u00e3o experenciando juntas ou de uma simples melodia que traz conforto a um cora\u00e7\u00e3o solit\u00e1rio. Seu poder \u00e9 indiscut\u00edvel. Em um mundo cada vez mais fragmentado, a m\u00fasica permanece como uma for\u00e7a universal, atemporal, capaz de ultrapassar barreiras e tocar a ess\u00eancia humana de maneiras que palavras n\u00e3o podem expressar. Afinal, como disse o poeta Victor Hugo, &#8220;A m\u00fasica expressa aquilo que n\u00e3o pode ser dito e sobre o que \u00e9 imposs\u00edvel permanecer em sil\u00eancio&#8221;.<\/p>\n\n\n\n<p><strong>Servi\u00e7o: Carine Nunes &#8211; Cantora<br><\/strong>Plataformas digitais de m\u00fasica: <a href=\"https:\/\/tratore.ffm.to\/tudobemcarinenunes\" target=\"_blank\" rel=\"noreferrer noopener\">https:\/\/tratore.ffm.to\/tudobemcarinenunes<\/a><br>YouTube: <a href=\"https:\/\/youtube.com\/@carinenunesc?si=i5Zs0jUxxnRB39xT\" target=\"_blank\" rel=\"noreferrer noopener\">https:\/\/youtube.com\/@carinenunesc?si=i5Zs0jUxxnRB39xT<\/a><br>Instagram: <a href=\"https:\/\/www.instagram.com\/carinenunesc\/\" target=\"_blank\" rel=\"noreferrer noopener\">https:\/\/www.instagram.com\/carinenunesc\/<\/a> (@carinenunesc)<br>Facebook: <a href=\"https:\/\/www.facebook.com\/CarineNunescantora\/\" target=\"_blank\" rel=\"noreferrer noopener\">https:\/\/www.facebook.com\/CarineNunescantora\/<\/a><br>Telefone: 41 9 9156 1920<br>e-mail: carinenunesoficial@gmail.com<\/p>\n","protected":false},"excerpt":{"rendered":"<p>O poder da m\u00fasica Como a melodia inspira a humanidade a continuar em frente desde sempre Neste universo das experi\u00eancias humanas, a m\u00fasica est\u00e1 entre as linguagens que t\u00eam um poder universal e atemporal. Desde ritmos ancestrais at\u00e9 sinfonias complexas e em toda a diversidade musical moderna, a m\u00fasica marca a vida das pessoas, as [&hellip;]<\/p>\n","protected":false},"author":1,"featured_media":2188,"comment_status":"open","ping_status":"open","sticky":false,"template":"","format":"standard","meta":{"footnotes":""},"categories":[27],"tags":[],"class_list":["post-2185","post","type-post","status-publish","format-standard","has-post-thumbnail","hentry","category-musica"],"_links":{"self":[{"href":"https:\/\/diarioparanaense.com\/index.php?rest_route=\/wp\/v2\/posts\/2185","targetHints":{"allow":["GET"]}}],"collection":[{"href":"https:\/\/diarioparanaense.com\/index.php?rest_route=\/wp\/v2\/posts"}],"about":[{"href":"https:\/\/diarioparanaense.com\/index.php?rest_route=\/wp\/v2\/types\/post"}],"author":[{"embeddable":true,"href":"https:\/\/diarioparanaense.com\/index.php?rest_route=\/wp\/v2\/users\/1"}],"replies":[{"embeddable":true,"href":"https:\/\/diarioparanaense.com\/index.php?rest_route=%2Fwp%2Fv2%2Fcomments&post=2185"}],"version-history":[{"count":1,"href":"https:\/\/diarioparanaense.com\/index.php?rest_route=\/wp\/v2\/posts\/2185\/revisions"}],"predecessor-version":[{"id":2189,"href":"https:\/\/diarioparanaense.com\/index.php?rest_route=\/wp\/v2\/posts\/2185\/revisions\/2189"}],"wp:featuredmedia":[{"embeddable":true,"href":"https:\/\/diarioparanaense.com\/index.php?rest_route=\/wp\/v2\/media\/2188"}],"wp:attachment":[{"href":"https:\/\/diarioparanaense.com\/index.php?rest_route=%2Fwp%2Fv2%2Fmedia&parent=2185"}],"wp:term":[{"taxonomy":"category","embeddable":true,"href":"https:\/\/diarioparanaense.com\/index.php?rest_route=%2Fwp%2Fv2%2Fcategories&post=2185"},{"taxonomy":"post_tag","embeddable":true,"href":"https:\/\/diarioparanaense.com\/index.php?rest_route=%2Fwp%2Fv2%2Ftags&post=2185"}],"curies":[{"name":"wp","href":"https:\/\/api.w.org\/{rel}","templated":true}]}}