{"id":2176,"date":"2024-02-22T11:50:51","date_gmt":"2024-02-22T14:50:51","guid":{"rendered":"https:\/\/diarioparanaense.com\/?p=2176"},"modified":"2024-02-22T11:50:52","modified_gmt":"2024-02-22T14:50:52","slug":"campeonato-paranaense-race-challenge-tera-corridas-de-rua-dentro-de-autodromos","status":"publish","type":"post","link":"https:\/\/diarioparanaense.com\/?p=2176","title":{"rendered":"Campeonato Paranaense Race Challenge ter\u00e1 corridas de rua dentro de aut\u00f3dromos"},"content":{"rendered":"\n<p class=\"has-medium-font-size\">A novidade visa n\u00e3o s\u00f3 enriquecer a experi\u00eancia dos participantes mas tamb\u00e9m expandir a visibilidade do evento que come\u00e7a neste final de semana em Londrina<\/p>\n\n\n\n<p>O Campeonato Paranaense Race Challenge ter\u00e1 corridas de rua dentro de aut\u00f3dromos. O an\u00fancio foi feito por Marcos Pinheiro, diretor da Sportion, ag\u00eancia especializada em marketing, eventos esportivos e ativa\u00e7\u00f5es de marcas, durante entrevista ao podcast Forrest Run, apresentado pelo jornalista Angelo Binder.<\/p>\n\n\n\n<p>A nova modalidade ser\u00e1 inaugurada no Aut\u00f3dromo Internacional Ayrton Senna, localizado em Londrina, em formato de \u00b4treino-degusta\u00e7\u00e3o\u00b4 para quem aprecia a corrida de rua. O treino \u00e9 gratuito e ser\u00e1 das 6h \u00e0s 8h da manh\u00e3 de s\u00e1bado (24).<\/p>\n\n\n\n<p>&#8220;As corridas de rua s\u00e3o uma adi\u00e7\u00e3o emocionante ao Race Challenge e esperamos que tragam uma nova dimens\u00e3o ao evento&#8221;, disse o diretor da Sportion. &#8220;Esta iniciativa n\u00e3o s\u00f3 oferece uma experi\u00eancia \u00fanica para os pilotos, familiares, mas para todos que gostam de automobilismo e corrida de rua&#8221;, lembra.<\/p>\n\n\n\n<p>A iniciativa tamb\u00e9m visa aumentar a visibilidade e o alcance do Campeonato Paranaense Race Challenge, atraindo um p\u00fablico mais amplo e diversificado.<\/p>\n\n\n\n<p>O evento que marca o in\u00edcio do campeonato de 2024 do Race Challenger de Marcas e Turismo est\u00e1 programado para este final de semana, de 23 a 25 de fevereiro. Os ingressos para evento de automobilismo est\u00e3o dispon\u00edveis: R$20, para um dia de evento ou no combo especial para os tr\u00eas dias de competi\u00e7\u00f5es por R$30.<\/p>\n\n\n\n<figure class=\"wp-block-embed aligncenter is-type-video is-provider-youtube wp-block-embed-youtube wp-embed-aspect-16-9 wp-has-aspect-ratio\"><div class=\"wp-block-embed__wrapper\">\n<iframe loading=\"lazy\" title=\"MARCOS PINHEIRO - FORREST RUN #15\" width=\"696\" height=\"392\" src=\"https:\/\/www.youtube.com\/embed\/ekOgiIMtPCw?start=1759&#038;feature=oembed\" frameborder=\"0\" allow=\"accelerometer; autoplay; clipboard-write; encrypted-media; gyroscope; picture-in-picture; web-share\" allowfullscreen><\/iframe>\n<\/div><\/figure>\n\n\n\n<p><strong>Saiba mais aqui:<\/strong> <a href=\"https:\/\/racechallenge.com.br\/\" target=\"_blank\" rel=\"noreferrer noopener\">https:\/\/racechallenge.com.br\/<\/a><br><a href=\"https:\/\/www.instagram.com\/racechallengeoficial\/\" target=\"_blank\" rel=\"noreferrer noopener\">https:\/\/www.instagram.com\/racechallengeoficial\/<\/a><\/p>\n","protected":false},"excerpt":{"rendered":"<p>A novidade visa n\u00e3o s\u00f3 enriquecer a experi\u00eancia dos participantes mas tamb\u00e9m expandir a visibilidade do evento que come\u00e7a neste final de semana em Londrina O Campeonato Paranaense Race Challenge ter\u00e1 corridas de rua dentro de aut\u00f3dromos. O an\u00fancio foi feito por Marcos Pinheiro, diretor da Sportion, ag\u00eancia especializada em marketing, eventos esportivos e ativa\u00e7\u00f5es [&hellip;]<\/p>\n","protected":false},"author":1,"featured_media":2177,"comment_status":"open","ping_status":"open","sticky":false,"template":"","format":"standard","meta":{"footnotes":""},"categories":[159],"tags":[],"class_list":["post-2176","post","type-post","status-publish","format-standard","has-post-thumbnail","hentry","category-esportes"],"_links":{"self":[{"href":"https:\/\/diarioparanaense.com\/index.php?rest_route=\/wp\/v2\/posts\/2176","targetHints":{"allow":["GET"]}}],"collection":[{"href":"https:\/\/diarioparanaense.com\/index.php?rest_route=\/wp\/v2\/posts"}],"about":[{"href":"https:\/\/diarioparanaense.com\/index.php?rest_route=\/wp\/v2\/types\/post"}],"author":[{"embeddable":true,"href":"https:\/\/diarioparanaense.com\/index.php?rest_route=\/wp\/v2\/users\/1"}],"replies":[{"embeddable":true,"href":"https:\/\/diarioparanaense.com\/index.php?rest_route=%2Fwp%2Fv2%2Fcomments&post=2176"}],"version-history":[{"count":1,"href":"https:\/\/diarioparanaense.com\/index.php?rest_route=\/wp\/v2\/posts\/2176\/revisions"}],"predecessor-version":[{"id":2178,"href":"https:\/\/diarioparanaense.com\/index.php?rest_route=\/wp\/v2\/posts\/2176\/revisions\/2178"}],"wp:featuredmedia":[{"embeddable":true,"href":"https:\/\/diarioparanaense.com\/index.php?rest_route=\/wp\/v2\/media\/2177"}],"wp:attachment":[{"href":"https:\/\/diarioparanaense.com\/index.php?rest_route=%2Fwp%2Fv2%2Fmedia&parent=2176"}],"wp:term":[{"taxonomy":"category","embeddable":true,"href":"https:\/\/diarioparanaense.com\/index.php?rest_route=%2Fwp%2Fv2%2Fcategories&post=2176"},{"taxonomy":"post_tag","embeddable":true,"href":"https:\/\/diarioparanaense.com\/index.php?rest_route=%2Fwp%2Fv2%2Ftags&post=2176"}],"curies":[{"name":"wp","href":"https:\/\/api.w.org\/{rel}","templated":true}]}}