{"id":2169,"date":"2024-02-19T15:00:34","date_gmt":"2024-02-19T18:00:34","guid":{"rendered":"https:\/\/diarioparanaense.com\/?p=2169"},"modified":"2024-02-19T15:00:35","modified_gmt":"2024-02-19T18:00:35","slug":"associacao-dos-amigos-do-hc-promove-campanha-de-apadrinhamento","status":"publish","type":"post","link":"https:\/\/diarioparanaense.com\/?p=2169","title":{"rendered":"Associa\u00e7\u00e3o dos Amigos do HC promove campanha de apadrinhamento"},"content":{"rendered":"\n<p class=\"has-medium-font-size\">Objetivo \u00e9 arrecadar doa\u00e7\u00f5es para os programas CEDIVIDA e DEDICA<\/p>\n\n\n\n<p>Juntos pela sa\u00fade. Esse \u00e9 o tema da campanha de apadrinhamento que a Associa\u00e7\u00e3o dos Amigos do Hospital de Cl\u00ednicas (AAHC) est\u00e1 promovendo para arrecadar doa\u00e7\u00f5es mensais para a manuten\u00e7\u00e3o de seus projetos sociais.<\/p>\n\n\n\n<p>Os Amigos do HC, que atuam na defesa dos direitos e promo\u00e7\u00e3o da sa\u00fade h\u00e1 37 anos, t\u00eam o compromisso de apoiar o Hospital de Cl\u00ednicas, maior hospital p\u00fablico do Paran\u00e1, com materiais m\u00e9dicos e hospitalares, equipamentos e reformas para melhoria da sua estrutura e atendimento.<\/p>\n\n\n\n<p>Al\u00e9m dos atuais programas, a associa\u00e7\u00e3o apoia o Complexo Hospital de Cl\u00ednicas na revitaliza\u00e7\u00e3o do Hospital Victor Ferreira do Amaral, que j\u00e1 est\u00e1 em obras e que ter\u00e1 atendimento especializado na sa\u00fade da mulher.<\/p>\n\n\n\n<p>Com a campanha de apadrinhamento, as demais a\u00e7\u00f5es e os eventos beneficentes continuam sendo realizados pela associa\u00e7\u00e3o. Al\u00e9m disso, tamb\u00e9m \u00e9 poss\u00edvel realizar doa\u00e7\u00f5es diretamente aos Amigos do HC pelo link.<\/p>\n\n\n\n<p class=\"has-medium-font-size\">DEDICA<\/p>\n\n\n\n<p>Acolha uma crian\u00e7a e transforme uma vida: o Programa DEDICA dos Amigos do HC promove a defesa dos direitos das crian\u00e7as e dos adolescentes que foram v\u00edtimas de viol\u00eancias graves e grav\u00edssimas, de forma gratuita.<\/p>\n\n\n\n<p>\u201cA doa\u00e7\u00e3o colabora para um futuro mais seguro e feliz para as centenas de atendidos pelo nosso programa. Doe ao DEDICA e torne-se um padrinho do programa. Voc\u00ea estar\u00e1 contribuindo com a manuten\u00e7\u00e3o da nossa sede e dos atendimentos realizados por uma equipe multiprofissional qualificada (m\u00e9dicos, psic\u00f3logos, pedagogos e assistentes sociais)\u201d, convida Domingos Murta, presidente da Associa\u00e7\u00e3o dos Amigos do HC.<\/p>\n\n\n\n<p class=\"has-medium-font-size\">CEDIVIDA<\/p>\n\n\n\n<p>O Centro de Direitos \u00e0 Vida da Pessoa Idosa (CEDIVIDA) atende gratuitamente pessoas 60+. Em sede pr\u00f3pria, inaugurada em 2023, s\u00e3o realizadas oficinas, palestras e outras atividades que promovem a sa\u00fade, bem-estar, direitos, intergeracionalidade e a inclus\u00e3o digital, al\u00e9m do fomento \u00e0 empregabilidade e o empreendedorismo 60+.<\/p>\n\n\n\n<p>As doa\u00e7\u00f5es s\u00e3o transformadas em oportunidades para o bem viver das pessoas 60+ e viabiliza o atendimento das pessoas que buscam uma longevidade mais saud\u00e1vel e aut\u00f4noma.<\/p>\n\n\n\n<p>\u201cQuem doa ao CEDIVIDA contribui com a manuten\u00e7\u00e3o da sede, dos atendimentos e das diversas a\u00e7\u00f5es realizadas em prol da causa. Os 60+ est\u00e3o muito ativos e querem viver com qualidade e alegria\u201d, refor\u00e7a o presidente.<\/p>\n\n\n\n<p>O pr\u00e9dio do CEDIVIDA tem dois andares, com audit\u00f3rio para realiza\u00e7\u00e3o de palestras, cursos e workshops, foyer de acesso ao hall do audit\u00f3rio, para coffee breaks; sala de atendimento individual, para realiza\u00e7\u00e3o de cadastros e orienta\u00e7\u00f5es; sala de inform\u00e1tica, sala de estar e sala multiuso, onde ser\u00e3o realizadas oficinas e atividades de conviv\u00eancia. No mezanino est\u00e1 instalada a \u00e1rea administrativa e de apoio pedag\u00f3gico.<\/p>\n\n\n\n<p class=\"has-medium-font-size\">Como doar<\/p>\n\n\n\n<p>As doa\u00e7\u00f5es mensais podem ser feitas para qualquer um dos programas, no valor de R$ 30,00, R$ 60,00 ou R$ 90,00. Para quem optar por fazer doa\u00e7\u00f5es \u00fanicas, o valor pode ser alterado de acordo com o interesse do doador. Os links est\u00e3o dispon\u00edveis nos sites de cada programa:<\/p>\n\n\n\n<p><strong>Amigos do HC<\/strong>: <a href=\"https:\/\/www.amigosdohc.org.br\/doacao-online\/\" target=\"_blank\" rel=\"noreferrer noopener\">https:\/\/www.amigosdohc.org.br\/doacao-online\/<\/a><br><strong>DEDICA<\/strong>: <a href=\"https:\/\/dedica.org.br\/doacao\/\" target=\"_blank\" rel=\"noreferrer noopener\">https:\/\/dedica.org.br\/doacao\/<\/a><br><strong>CEDIVIDA<\/strong>: <a href=\"https:\/\/cedivida.org.br\/home\/doar\/\" target=\"_blank\" rel=\"noreferrer noopener\">https:\/\/cedivida.org.br\/home\/doar\/<\/a><\/p>\n\n\n\n<p class=\"has-medium-font-size\">Servi\u00e7o:<\/p>\n\n\n\n<p><strong>Campanha de Apadrinhamento dos Amigos do HC<br>End<\/strong>: Av. Agostinho Le\u00e3o Jr, 336 &#8211; Alto da Gl\u00f3ria<br><strong>Telefone<\/strong>: (41) 3091-1000<br><strong>Site<\/strong>: <a href=\"http:\/\/www.amigosdohc.org.br\">www.amigosdohc.org.br<\/a><\/p>\n","protected":false},"excerpt":{"rendered":"<p>Objetivo \u00e9 arrecadar doa\u00e7\u00f5es para os programas CEDIVIDA e DEDICA Juntos pela sa\u00fade. Esse \u00e9 o tema da campanha de apadrinhamento que a Associa\u00e7\u00e3o dos Amigos do Hospital de Cl\u00ednicas (AAHC) est\u00e1 promovendo para arrecadar doa\u00e7\u00f5es mensais para a manuten\u00e7\u00e3o de seus projetos sociais. Os Amigos do HC, que atuam na defesa dos direitos e [&hellip;]<\/p>\n","protected":false},"author":1,"featured_media":2170,"comment_status":"open","ping_status":"open","sticky":false,"template":"","format":"standard","meta":{"footnotes":""},"categories":[425],"tags":[],"class_list":["post-2169","post","type-post","status-publish","format-standard","has-post-thumbnail","hentry","category-parana"],"_links":{"self":[{"href":"https:\/\/diarioparanaense.com\/index.php?rest_route=\/wp\/v2\/posts\/2169","targetHints":{"allow":["GET"]}}],"collection":[{"href":"https:\/\/diarioparanaense.com\/index.php?rest_route=\/wp\/v2\/posts"}],"about":[{"href":"https:\/\/diarioparanaense.com\/index.php?rest_route=\/wp\/v2\/types\/post"}],"author":[{"embeddable":true,"href":"https:\/\/diarioparanaense.com\/index.php?rest_route=\/wp\/v2\/users\/1"}],"replies":[{"embeddable":true,"href":"https:\/\/diarioparanaense.com\/index.php?rest_route=%2Fwp%2Fv2%2Fcomments&post=2169"}],"version-history":[{"count":1,"href":"https:\/\/diarioparanaense.com\/index.php?rest_route=\/wp\/v2\/posts\/2169\/revisions"}],"predecessor-version":[{"id":2171,"href":"https:\/\/diarioparanaense.com\/index.php?rest_route=\/wp\/v2\/posts\/2169\/revisions\/2171"}],"wp:featuredmedia":[{"embeddable":true,"href":"https:\/\/diarioparanaense.com\/index.php?rest_route=\/wp\/v2\/media\/2170"}],"wp:attachment":[{"href":"https:\/\/diarioparanaense.com\/index.php?rest_route=%2Fwp%2Fv2%2Fmedia&parent=2169"}],"wp:term":[{"taxonomy":"category","embeddable":true,"href":"https:\/\/diarioparanaense.com\/index.php?rest_route=%2Fwp%2Fv2%2Fcategories&post=2169"},{"taxonomy":"post_tag","embeddable":true,"href":"https:\/\/diarioparanaense.com\/index.php?rest_route=%2Fwp%2Fv2%2Ftags&post=2169"}],"curies":[{"name":"wp","href":"https:\/\/api.w.org\/{rel}","templated":true}]}}