{"id":2165,"date":"2024-02-19T14:46:44","date_gmt":"2024-02-19T17:46:44","guid":{"rendered":"https:\/\/diarioparanaense.com\/?p=2165"},"modified":"2024-02-19T14:48:27","modified_gmt":"2024-02-19T17:48:27","slug":"mentalize-vem-coisa-boa","status":"publish","type":"post","link":"https:\/\/diarioparanaense.com\/?p=2165","title":{"rendered":"Mentalize (Vem Coisa Boa)"},"content":{"rendered":"\n<p class=\"has-medium-font-size\"><strong>Kauan Calazans fala de esperan\u00e7a e positividade em &#8216;Mentalize (Vem Coisa Boa)&#8217;<\/strong><\/p>\n\n\n\n<p><strong>Com uma sonoridade expansiva, single tem forte base de viol\u00e3o que dialoga com folk rock e levadas pop<\/strong><\/p>\n\n\n\n<p><strong>Ou\u00e7a aqui \u2018Mentalize (Vem Coisa Boa)\u2019:<\/strong><\/p>\n\n\n\n<p><a href=\"https:\/\/links.altafonte.com\/KauanCalazans_Mentalize\">https:\/\/links.altafonte.com\/KauanCalazans_Mentalize<\/a><\/p>\n\n\n\n<p>O m\u00fasico carioca Kauan Calazans, com 15 anos de estrada, compartilha boas energias e for\u00e7a de vontade por meio da arte com a nova m\u00fasica da sua carreira solo, a radiante &#8216;Mentalize (Vem Coisa Boa). O single, gravado no renomado est\u00fadio Toca do Bandido (RJ), chega dia 21\/12 nas plataformas digitais pelo selo Toca Discos.<\/p>\n\n\n\n<p class=\"has-medium-font-size\">\u2018Mentalize (Vem Coisa Boa)\u2019 nas plataformas de streaming:\u00a0<\/p>\n\n\n\n<p><a href=\"https:\/\/links.altafonte.com\/KauanCalazans_Mentalize\" target=\"_blank\" rel=\"noreferrer noopener\">https:\/\/links.altafonte.com\/KauanCalazans_Mentalize<\/a><\/p>\n\n\n\n<p>Mentalize \u00e9 uma m\u00fasica que acalma a alma. Com energia solar e leveza nas melodias, \u00e9 uma m\u00fasica que, acima de tudo, acredita na felicidade da exist\u00eancia. Fala da import\u00e2ncia de vivermos o agora, de acordar e desbravar o mundo &#8211; como um mantra, mentaliza que vem coisa boa!<\/p>\n\n\n\n<p>A sonoridade expansiva de \u2018Mentalize (Vem Coisa Boa)\u2019 tem uma forte base de viol\u00e3o que dialoga com folk rock e levadas pop, al\u00e9m de um frescor de brasilidade que completa a aura da can\u00e7\u00e3o.<\/p>\n\n\n\n<p>A mensagem diz muito sobre a ess\u00eancia Calazans. Funciona, ainda, como um abra\u00e7o de esperan\u00e7a \u00e0queles que experimentaram momentos de dor. Com \u2018Mentalize (Vem Coisa Boa)\u2019, Calazans busca inspira\u00e7\u00e3o para seguir em frente; motiva\u00e7\u00e3o em si mesmo a achar o equil\u00edbrio entre o corpo e a mente.<\/p>\n\n\n\n<p>A produ\u00e7\u00e3o de \u2018Mentalize (Vem Coisa Boa)\u2019 \u00e9 assinada por Felipe Rodarte, com dire\u00e7\u00e3o art\u00edstica de Constan\u00e7a Scofield.<\/p>\n\n\n\n<p class=\"has-medium-font-size\">O artista<\/p>\n\n\n\n<p>Kauan Calazans, m\u00fasico carioca com mais de 15 anos de estrada, \u00e9 ex-vocalista da banda Linear (com Ruxell) e Folks, esta \u00faltima que participou de grandes festivais, como Rock in Rio, SXSW (o que rendeu uma tour nos EUA) e Festival Sui\u00e7a Bahiana, al\u00e9m de dividir palco com grandes artistas como The Kooks, Marky Ramone, Iggy Pop, The Cult, O Rappa, Frejat entre outros.<\/p>\n\n\n\n<p>Kauan agora est\u00e1 em processo de lan\u00e7ar o primeiro \u00e1lbum solo. O primeiro single desta fase \u00e9 &#8216;Lib\u00e9lula&#8217;, que agora ganha companhia de &#8216;Mentalize (Vem Coisa Boa)&#8217;.<\/p>\n\n\n\n<p>Kauan Calazans nas redes<\/p>\n\n\n\n<p><a href=\"https:\/\/www.instagram.com\/kauancalazans\">https:\/\/www.instagram.com\/kauancalazans<\/a><\/p>\n","protected":false},"excerpt":{"rendered":"<p>Kauan Calazans fala de esperan\u00e7a e positividade em &#8216;Mentalize (Vem Coisa Boa)&#8217; Com uma sonoridade expansiva, single tem forte base de viol\u00e3o que dialoga com folk rock e levadas pop Ou\u00e7a aqui \u2018Mentalize (Vem Coisa Boa)\u2019: https:\/\/links.altafonte.com\/KauanCalazans_Mentalize O m\u00fasico carioca Kauan Calazans, com 15 anos de estrada, compartilha boas energias e for\u00e7a de vontade por [&hellip;]<\/p>\n","protected":false},"author":1,"featured_media":2168,"comment_status":"open","ping_status":"open","sticky":false,"template":"","format":"standard","meta":{"footnotes":""},"categories":[27],"tags":[],"class_list":["post-2165","post","type-post","status-publish","format-standard","has-post-thumbnail","hentry","category-musica"],"_links":{"self":[{"href":"https:\/\/diarioparanaense.com\/index.php?rest_route=\/wp\/v2\/posts\/2165","targetHints":{"allow":["GET"]}}],"collection":[{"href":"https:\/\/diarioparanaense.com\/index.php?rest_route=\/wp\/v2\/posts"}],"about":[{"href":"https:\/\/diarioparanaense.com\/index.php?rest_route=\/wp\/v2\/types\/post"}],"author":[{"embeddable":true,"href":"https:\/\/diarioparanaense.com\/index.php?rest_route=\/wp\/v2\/users\/1"}],"replies":[{"embeddable":true,"href":"https:\/\/diarioparanaense.com\/index.php?rest_route=%2Fwp%2Fv2%2Fcomments&post=2165"}],"version-history":[{"count":1,"href":"https:\/\/diarioparanaense.com\/index.php?rest_route=\/wp\/v2\/posts\/2165\/revisions"}],"predecessor-version":[{"id":2166,"href":"https:\/\/diarioparanaense.com\/index.php?rest_route=\/wp\/v2\/posts\/2165\/revisions\/2166"}],"wp:featuredmedia":[{"embeddable":true,"href":"https:\/\/diarioparanaense.com\/index.php?rest_route=\/wp\/v2\/media\/2168"}],"wp:attachment":[{"href":"https:\/\/diarioparanaense.com\/index.php?rest_route=%2Fwp%2Fv2%2Fmedia&parent=2165"}],"wp:term":[{"taxonomy":"category","embeddable":true,"href":"https:\/\/diarioparanaense.com\/index.php?rest_route=%2Fwp%2Fv2%2Fcategories&post=2165"},{"taxonomy":"post_tag","embeddable":true,"href":"https:\/\/diarioparanaense.com\/index.php?rest_route=%2Fwp%2Fv2%2Ftags&post=2165"}],"curies":[{"name":"wp","href":"https:\/\/api.w.org\/{rel}","templated":true}]}}