{"id":2159,"date":"2024-02-16T14:37:15","date_gmt":"2024-02-16T17:37:15","guid":{"rendered":"https:\/\/diarioparanaense.com\/?p=2159"},"modified":"2024-02-16T14:37:15","modified_gmt":"2024-02-16T17:37:15","slug":"a-atuacao-do-tecnico-em-administracao-organizacao-eficiencia-e-suporte-estrategico","status":"publish","type":"post","link":"https:\/\/diarioparanaense.com\/?p=2159","title":{"rendered":"A Atua\u00e7\u00e3o do T\u00e9cnico em Administra\u00e7\u00e3o: Organiza\u00e7\u00e3o, Efici\u00eancia e Suporte Estrat\u00e9gico"},"content":{"rendered":"\n<p class=\"has-medium-font-size\">Profissionais t\u00e9cnicos em Administra\u00e7\u00e3o s\u00e3o reconhecidos por sua capacidade de organizar e facilitar processos com efici\u00eancia operacional e estrat\u00e9gica nas empresas<\/p>\n\n\n\n<p>O T\u00e9cnico em Administra\u00e7\u00e3o tem atribui\u00e7\u00f5es de destaque e import\u00e2ncia significativa em diferentes contextos nas empresas. Atua no suporte \u00e0 gest\u00e3o e nas rotinas administrativas, no atendimento ao cliente, na gest\u00e3o de Recursos Humanos e no apoio log\u00edstico para o desenvolvimento de projetos internos da empresa, bem como na organiza\u00e7\u00e3o e realiza\u00e7\u00e3o de eventos e outras atividades.<\/p>\n\n\n\n<p>A relev\u00e2ncia deste profissional t\u00e9cnico reside na sua capacidade de garantir a efici\u00eancia operacional e a fluidez dos processos dentro de uma organiza\u00e7\u00e3o. O t\u00e9cnico em Administra\u00e7\u00e3o desempenha um papel crucial na execu\u00e7\u00e3o das atividades administrativas do dia a dia, permitindo que os gestores e administradores se concentrem em quest\u00f5es estrat\u00e9gicas e de maior complexidade. Sua presen\u00e7a ajuda a promover um ambiente de trabalho organizado e eficiente, contribuindo para o sucesso global da empresa.<\/p>\n\n\n\n<p>O presidente do Conselho Regional de Administra\u00e7\u00e3o do Paran\u00e1 (CRA-PR), Adm. Marcello Padula, avalia que o ensino profissionalizante \u00e9 o ponto de partida fundamental para compreender a profiss\u00e3o e adquirir os conhecimentos t\u00e9cnicos espec\u00edficos necess\u00e1rios para o mercado de trabalho. Ele destaca sua import\u00e2ncia para os alunos do Ensino M\u00e9dio, pois pode ser um divisor de \u00e1guas em suas vidas, permitindo-lhes iniciar cedo o desenvolvimento e a capacita\u00e7\u00e3o para ocupa\u00e7\u00f5es espec\u00edficas, ampliando, assim, suas oportunidades de emprego. \u201cDurante esse processo, os estudantes cultivam habilidades pr\u00e1ticas e \u00e9ticas essenciais\u201d, diz Padula. O presidente enfatiza que, diante dessa nova realidade, \u201co CRA-PR est\u00e1 comprometido em apoiar o ensino t\u00e9cnico em Administra\u00e7\u00e3o. A demanda por qualifica\u00e7\u00e3o \u00e9 alta e a finalidade do Conselho \u00e9 valorizar os registrados, fiscalizando e auxiliando o mercado de trabalho a identificar profissionais qualificados e respons\u00e1veis para assumir essas vagas\u201d.<\/p>\n\n\n\n<p>O diretor de Forma\u00e7\u00e3o Profissional do CRA-PR, Adm. Fabr\u00edcio Palermo Pupo, compreende que as compet\u00eancias e habilidades desenvolvidas no curso t\u00e9cnico em Administra\u00e7\u00e3o promovem uma vis\u00e3o organizacional que inclui planejamento estrat\u00e9gico, gest\u00e3o financeira, marketing, gest\u00e3o de recursos humanos e log\u00edstica, dentre outras habilidades, como as relacionadas \u00e0 comunica\u00e7\u00e3o e \u00e0 lideran\u00e7a. Para ele, a contribui\u00e7\u00e3o desse profissional \u00e9 significativa no bom desenvolvimento dos processos organizacionais e h\u00e1 diferenciais significativos, tanto na pr\u00e1tica quanto na forma\u00e7\u00e3o. \u201cSua atua\u00e7\u00e3o direta \u00e9 na efici\u00eancia dos processos organizacionais, devido \u00e0 sua capacidade de articular, implementar e gerenciar. A diferen\u00e7a em rela\u00e7\u00e3o a outros cursos na \u00e1rea \u00e9 o foco pr\u00e1tico, a fundamenta\u00e7\u00e3o te\u00f3rica aplicada e as habilidades desenvolvidas para atuar em um ambiente organizacional\u201d, destaca Pupo.<\/p>\n\n\n\n<p>O Adm. Luiz Pinheiro, coordenador da BSUP (Business School da Universidade Positivo), \u00e9 doutor em Administra\u00e7\u00e3o pela Funda\u00e7\u00e3o Get\u00falio Vargas e define o profissional T\u00e9cnico em Administra\u00e7\u00e3o como um organizador. \u201cEle vai arrumar a casa. A gente fala que administradores e administradoras de n\u00edvel t\u00e9cnico, s\u00e3o muito rigorosos com rela\u00e7\u00e3o \u00e0 organiza\u00e7\u00e3o, planejamento, dire\u00e7\u00e3o e controle. Com certeza, se voc\u00ea tiver um t\u00e9cnico em administra\u00e7\u00e3o na sua empresa, ele vai ser aquela pessoa que te cobra: voc\u00ea j\u00e1 mandou o or\u00e7amento? Voc\u00ea j\u00e1 fechou o faturamento? Voc\u00ea j\u00e1 fez aquela pe\u00e7a de arte para publicar nas redes? Ou seja, porque s\u00e3o pessoas muito organizadas\u201d.<\/p>\n\n\n\n<p>Desde 2017, com a edi\u00e7\u00e3o da Resolu\u00e7\u00e3o Normativa n\u00ba 511 do CFA (Conselho Federal de Administra\u00e7\u00e3o), os Conselhos Regionais de Administra\u00e7\u00e3o (CRAs) passaram a ser as entidades orientadoras, disciplinadoras, consultivas e fiscalizadoras do exerc\u00edcio da profiss\u00e3o do T\u00e9cnico em Administra\u00e7\u00e3o. Al\u00e9m disso, essa Resolu\u00e7\u00e3o Normativa define as principais \u00e1reas de atua\u00e7\u00e3o e responsabilidades desse profissional.<\/p>\n\n\n\n<p>O ensino t\u00e9cnico em administra\u00e7\u00e3o tamb\u00e9m \u00e9 oferecido pelo ensino p\u00fablico do Paran\u00e1, totalizando 779 cursos dispon\u00edveis, al\u00e9m dos cursos oferecidos pelo Sistema FIEP e SENAI e empresas privadas.<\/p>\n\n\n\n<p><strong>Escola Aluno Digital<br><\/strong><a href=\"https:\/\/aluno.escoladigital.pr.gov.br\/if_formacao_tecnica_profissional\" target=\"_blank\" rel=\"noreferrer noopener\">https:\/\/aluno.escoladigital.pr.gov.br\/if_formacao_tecnica_profissional<\/a><\/p>\n\n\n\n<p><strong>Servi\u00e7o Nacional de Aprendizagem<br><\/strong><a href=\"https:\/\/www.senaipr.org.br\/cursos\/tecnicos\/?cidade=&amp;area=&amp;modalidade=\" target=\"_blank\" rel=\"noreferrer noopener\">https:\/\/www.senaipr.org.br\/cursos\/tecnicos\/?cidade=&amp;area=&amp;modalidade=<\/a><\/p>\n\n\n\n<p><strong>curso T\u00e9cnico em Administra\u00e7\u00e3o<br><\/strong><a href=\"https:\/\/www.sistemafiep.org.br\/cursos-tecnicos\/cursos\/curso-tecnico-em-administracao-18-33358-469791.shtml\" target=\"_blank\" rel=\"noreferrer noopener\">https:\/\/www.sistemafiep.org.br\/cursos-tecnicos\/cursos\/curso-tecnico-em-administracao-18-33358-469791.shtml<\/a><\/p>\n\n\n\n<p><strong>Grau T\u00e9cnico<br><\/strong><a href=\"https:\/\/www.grautecnico.com.br\/\" target=\"_blank\" rel=\"noreferrer noopener\">https:\/\/www.grautecnico.com.br\/<\/a><\/p>\n","protected":false},"excerpt":{"rendered":"<p>Profissionais t\u00e9cnicos em Administra\u00e7\u00e3o s\u00e3o reconhecidos por sua capacidade de organizar e facilitar processos com efici\u00eancia operacional e estrat\u00e9gica nas empresas O T\u00e9cnico em Administra\u00e7\u00e3o tem atribui\u00e7\u00f5es de destaque e import\u00e2ncia significativa em diferentes contextos nas empresas. Atua no suporte \u00e0 gest\u00e3o e nas rotinas administrativas, no atendimento ao cliente, na gest\u00e3o de Recursos Humanos [&hellip;]<\/p>\n","protected":false},"author":1,"featured_media":2160,"comment_status":"open","ping_status":"open","sticky":false,"template":"","format":"standard","meta":{"footnotes":""},"categories":[148],"tags":[],"class_list":["post-2159","post","type-post","status-publish","format-standard","has-post-thumbnail","hentry","category-educacao"],"_links":{"self":[{"href":"https:\/\/diarioparanaense.com\/index.php?rest_route=\/wp\/v2\/posts\/2159","targetHints":{"allow":["GET"]}}],"collection":[{"href":"https:\/\/diarioparanaense.com\/index.php?rest_route=\/wp\/v2\/posts"}],"about":[{"href":"https:\/\/diarioparanaense.com\/index.php?rest_route=\/wp\/v2\/types\/post"}],"author":[{"embeddable":true,"href":"https:\/\/diarioparanaense.com\/index.php?rest_route=\/wp\/v2\/users\/1"}],"replies":[{"embeddable":true,"href":"https:\/\/diarioparanaense.com\/index.php?rest_route=%2Fwp%2Fv2%2Fcomments&post=2159"}],"version-history":[{"count":1,"href":"https:\/\/diarioparanaense.com\/index.php?rest_route=\/wp\/v2\/posts\/2159\/revisions"}],"predecessor-version":[{"id":2161,"href":"https:\/\/diarioparanaense.com\/index.php?rest_route=\/wp\/v2\/posts\/2159\/revisions\/2161"}],"wp:featuredmedia":[{"embeddable":true,"href":"https:\/\/diarioparanaense.com\/index.php?rest_route=\/wp\/v2\/media\/2160"}],"wp:attachment":[{"href":"https:\/\/diarioparanaense.com\/index.php?rest_route=%2Fwp%2Fv2%2Fmedia&parent=2159"}],"wp:term":[{"taxonomy":"category","embeddable":true,"href":"https:\/\/diarioparanaense.com\/index.php?rest_route=%2Fwp%2Fv2%2Fcategories&post=2159"},{"taxonomy":"post_tag","embeddable":true,"href":"https:\/\/diarioparanaense.com\/index.php?rest_route=%2Fwp%2Fv2%2Ftags&post=2159"}],"curies":[{"name":"wp","href":"https:\/\/api.w.org\/{rel}","templated":true}]}}