{"id":2153,"date":"2024-02-15T13:24:52","date_gmt":"2024-02-15T16:24:52","guid":{"rendered":"https:\/\/diarioparanaense.com\/?p=2153"},"modified":"2024-02-15T13:24:52","modified_gmt":"2024-02-15T16:24:52","slug":"sucesso-lucas-matos-celebra-estreia-no-carnaval-de-salvador","status":"publish","type":"post","link":"https:\/\/diarioparanaense.com\/?p=2153","title":{"rendered":"SUCESSO: Lucas Matos celebra estreia no Carnaval de Salvador"},"content":{"rendered":"\n<p>Gratid\u00e3o \u00e9 o sentimento que define os \u00faltimos dias do cantor Lucas Matos, que fez sua estreia com p\u00e9 direto no Carnaval de Salvador e est\u00e1 s\u00f3 felicidade com as emo\u00e7\u00f5es que viveu. Foram tr\u00eas encontros com o p\u00fablico da maior festa de rua do planeta, todos recheados de sucessos e agito. O primeiro foi nesta \u00faltima segunda-feira (12), quando Lucas foi convidado do cantor Kart Love para uma participa\u00e7\u00e3o especial no trio para a pipoca, que Kart comandou no circuito Barra Ondina. Na ter\u00e7a, dia 13, teve dose dupla de shows de Lucas Matos em Salvador, dentro do projeto \u201cCarnaval nos Bairros\u201d, da Saltur. As apresenta\u00e7\u00f5es foram em Periperi e Itapu\u00e3. \u201cN\u00e3o tenho palavras para descrever a emo\u00e7\u00e3o de tocar no Carnaval de Salvador e sentir de perto o carinho e o calor do p\u00fablico! Estou realizado. E tenho certeza que \u00e9 apenas a primeira vez de muitas outras que participarei nessa festa maravilhosa\u201d, contou. Lucas Matos vem sendo apontado como expoente da m\u00fasica na Bahia e se prepara para lan\u00e7ar, em breve, novo Ep e gravar\u00a0um\u00a0audiovisual.<\/p>\n","protected":false},"excerpt":{"rendered":"<p>Gratid\u00e3o \u00e9 o sentimento que define os \u00faltimos dias do cantor Lucas Matos, que fez sua estreia com p\u00e9 direto no Carnaval de Salvador e est\u00e1 s\u00f3 felicidade com as emo\u00e7\u00f5es que viveu. Foram tr\u00eas encontros com o p\u00fablico da maior festa de rua do planeta, todos recheados de sucessos e agito. O primeiro foi [&hellip;]<\/p>\n","protected":false},"author":1,"featured_media":2154,"comment_status":"open","ping_status":"open","sticky":false,"template":"","format":"standard","meta":{"footnotes":""},"categories":[27],"tags":[],"class_list":["post-2153","post","type-post","status-publish","format-standard","has-post-thumbnail","hentry","category-musica"],"_links":{"self":[{"href":"https:\/\/diarioparanaense.com\/index.php?rest_route=\/wp\/v2\/posts\/2153","targetHints":{"allow":["GET"]}}],"collection":[{"href":"https:\/\/diarioparanaense.com\/index.php?rest_route=\/wp\/v2\/posts"}],"about":[{"href":"https:\/\/diarioparanaense.com\/index.php?rest_route=\/wp\/v2\/types\/post"}],"author":[{"embeddable":true,"href":"https:\/\/diarioparanaense.com\/index.php?rest_route=\/wp\/v2\/users\/1"}],"replies":[{"embeddable":true,"href":"https:\/\/diarioparanaense.com\/index.php?rest_route=%2Fwp%2Fv2%2Fcomments&post=2153"}],"version-history":[{"count":1,"href":"https:\/\/diarioparanaense.com\/index.php?rest_route=\/wp\/v2\/posts\/2153\/revisions"}],"predecessor-version":[{"id":2155,"href":"https:\/\/diarioparanaense.com\/index.php?rest_route=\/wp\/v2\/posts\/2153\/revisions\/2155"}],"wp:featuredmedia":[{"embeddable":true,"href":"https:\/\/diarioparanaense.com\/index.php?rest_route=\/wp\/v2\/media\/2154"}],"wp:attachment":[{"href":"https:\/\/diarioparanaense.com\/index.php?rest_route=%2Fwp%2Fv2%2Fmedia&parent=2153"}],"wp:term":[{"taxonomy":"category","embeddable":true,"href":"https:\/\/diarioparanaense.com\/index.php?rest_route=%2Fwp%2Fv2%2Fcategories&post=2153"},{"taxonomy":"post_tag","embeddable":true,"href":"https:\/\/diarioparanaense.com\/index.php?rest_route=%2Fwp%2Fv2%2Ftags&post=2153"}],"curies":[{"name":"wp","href":"https:\/\/api.w.org\/{rel}","templated":true}]}}