{"id":2148,"date":"2024-02-15T08:58:07","date_gmt":"2024-02-15T11:58:07","guid":{"rendered":"https:\/\/diarioparanaense.com\/?p=2148"},"modified":"2024-02-15T09:00:03","modified_gmt":"2024-02-15T12:00:03","slug":"japones-voador-retorna-as-pistas-eduardo-sacaki-confirmado-no-campeonato-paranaense-race-challenge-2024","status":"publish","type":"post","link":"https:\/\/diarioparanaense.com\/?p=2148","title":{"rendered":"Japon\u00eas Voador retorna \u00e0s pistas: Eduardo Sa\u00e7aki confirmado no Campeonato Paranaense Race Challenge 2024"},"content":{"rendered":"\n<p class=\"has-medium-font-size\">Campe\u00e3o do Motocross \u00e9 uma das confirma\u00e7\u00f5es mais celebradas do evento, marcando um novo cap\u00edtulo tanto para sua carreira quanto para a competi\u00e7\u00e3o do automobilismo<\/p>\n\n\n\n<p>O cen\u00e1rio do automobilismo paranaense se prepara para receber uma das figuras mais emblem\u00e1ticas do motocross brasileiro no Campeonato Paranaense Race Challenge de Marcas e Turismo, que ocorrer\u00e1 de 23 a 25 de fevereiro no Aut\u00f3dromo Internacional Ayrton Senna, em Londrina. Eduardo Yoshio Sa\u00e7aki, conhecido popularmente como o &#8220;Japon\u00eas Voador&#8221;, \u00e9 uma das confirma\u00e7\u00f5es mais celebradas do evento, marcando um novo cap\u00edtulo tanto para sua carreira quanto para o campeonato.<\/p>\n\n\n\n<p>Em 2024, o Campeonato Paranaense Race Challenge promete ser uma experi\u00eancia inovadora para competidores e espectadores, abrangendo categorias como Super Turismo, Turismo, For\u00e7a Livre e Cl\u00e1ssicos. Sob a supervis\u00e3o da Federa\u00e7\u00e3o Paranaense de Automobilismo, o evento busca revitalizar o automobilismo regional, preparando o terreno para competi\u00e7\u00f5es nacionais e promovendo o turismo nas cidades sedes, Londrina e Cascavel.<\/p>\n\n\n\n<p>Eduardo Sa\u00e7aki, nascido em Curitiba em 1969, traz consigo uma hist\u00f3ria de supera\u00e7\u00e3o, talento e paix\u00e3o pelo esporte a motor. Iniciando sua carreira na motovelocidade aos 13 anos e migrando para o motocross em 1984, Sa\u00e7aki ganhou seu apelido ic\u00f4nico ap\u00f3s um espetacular salto 360\u00ba. Sua trajet\u00f3ria \u00e9 marcada por conquistas significativas, incluindo o t\u00edtulo de Campe\u00e3o Brasileiro de Motocross em 1989 e uma impressionante recupera\u00e7\u00e3o de acidentes graves, que testaram sua resili\u00eancia e determina\u00e7\u00e3o.<\/p>\n\n\n\n<p>Al\u00e9m de suas vit\u00f3rias nas pistas, Sa\u00e7aki tem desempenhado um papel fundamental na Secretaria de Esporte do Paran\u00e1, onde trabalha como coordenador dos Esportes a Motor. Nessa fun\u00e7\u00e3o, ele tem sido um promotor incans\u00e1vel do motocross, kart, rally e outras modalidades a motor, contribuindo para o fomento do esporte e do turismo no estado.<\/p>\n\n\n\n<p>A confirma\u00e7\u00e3o de Eduardo &#8220;Japon\u00eas Voador&#8221; Sa\u00e7aki no Campeonato Paranaense Race Challenge de 2024 \u00e9 mais do que um retorno \u00e0s competi\u00e7\u00f5es; \u00e9 um s\u00edmbolo de perseveran\u00e7a, paix\u00e3o e a eterna conex\u00e3o entre o esporte a motor e seus admiradores. Com sua participa\u00e7\u00e3o, o campeonato se destaca n\u00e3o apenas como uma competi\u00e7\u00e3o automobil\u00edstica, mas como um evento que celebra a hist\u00f3ria, a cultura e o esp\u00edrito indom\u00e1vel dos competidores que definem&nbsp;o&nbsp;esporte.<\/p>\n","protected":false},"excerpt":{"rendered":"<p>Campe\u00e3o do Motocross \u00e9 uma das confirma\u00e7\u00f5es mais celebradas do evento, marcando um novo cap\u00edtulo tanto para sua carreira quanto para a competi\u00e7\u00e3o do automobilismo O cen\u00e1rio do automobilismo paranaense se prepara para receber uma das figuras mais emblem\u00e1ticas do motocross brasileiro no Campeonato Paranaense Race Challenge de Marcas e Turismo, que ocorrer\u00e1 de 23 [&hellip;]<\/p>\n","protected":false},"author":1,"featured_media":2149,"comment_status":"open","ping_status":"open","sticky":false,"template":"","format":"standard","meta":{"footnotes":""},"categories":[159],"tags":[],"class_list":["post-2148","post","type-post","status-publish","format-standard","has-post-thumbnail","hentry","category-esportes"],"_links":{"self":[{"href":"https:\/\/diarioparanaense.com\/index.php?rest_route=\/wp\/v2\/posts\/2148","targetHints":{"allow":["GET"]}}],"collection":[{"href":"https:\/\/diarioparanaense.com\/index.php?rest_route=\/wp\/v2\/posts"}],"about":[{"href":"https:\/\/diarioparanaense.com\/index.php?rest_route=\/wp\/v2\/types\/post"}],"author":[{"embeddable":true,"href":"https:\/\/diarioparanaense.com\/index.php?rest_route=\/wp\/v2\/users\/1"}],"replies":[{"embeddable":true,"href":"https:\/\/diarioparanaense.com\/index.php?rest_route=%2Fwp%2Fv2%2Fcomments&post=2148"}],"version-history":[{"count":1,"href":"https:\/\/diarioparanaense.com\/index.php?rest_route=\/wp\/v2\/posts\/2148\/revisions"}],"predecessor-version":[{"id":2150,"href":"https:\/\/diarioparanaense.com\/index.php?rest_route=\/wp\/v2\/posts\/2148\/revisions\/2150"}],"wp:featuredmedia":[{"embeddable":true,"href":"https:\/\/diarioparanaense.com\/index.php?rest_route=\/wp\/v2\/media\/2149"}],"wp:attachment":[{"href":"https:\/\/diarioparanaense.com\/index.php?rest_route=%2Fwp%2Fv2%2Fmedia&parent=2148"}],"wp:term":[{"taxonomy":"category","embeddable":true,"href":"https:\/\/diarioparanaense.com\/index.php?rest_route=%2Fwp%2Fv2%2Fcategories&post=2148"},{"taxonomy":"post_tag","embeddable":true,"href":"https:\/\/diarioparanaense.com\/index.php?rest_route=%2Fwp%2Fv2%2Ftags&post=2148"}],"curies":[{"name":"wp","href":"https:\/\/api.w.org\/{rel}","templated":true}]}}