{"id":2143,"date":"2024-02-15T08:53:44","date_gmt":"2024-02-15T11:53:44","guid":{"rendered":"https:\/\/diarioparanaense.com\/?p=2143"},"modified":"2024-02-15T08:55:17","modified_gmt":"2024-02-15T11:55:17","slug":"curitiba-recebe-coletivo-da-moda-autentica-e-sustentavel-em-encontro-de-brechos","status":"publish","type":"post","link":"https:\/\/diarioparanaense.com\/?p=2143","title":{"rendered":"Curitiba Recebe Coletivo da Moda Aut\u00eantica e Sustent\u00e1vel em Encontro de Brech\u00f3s"},"content":{"rendered":"\n<p class=\"has-medium-font-size\">A variedade de produtos apresenta caracter\u00edsticas \u00fanicas e marcantes que revelam eleg\u00e2ncia e expressam riqueza nos detalhes de belas pe\u00e7as<\/p>\n\n\n\n<blockquote class=\"wp-block-quote is-layout-flow wp-block-quote-is-layout-flow\">\n<p>Por Emanuelle Spack<\/p>\n<\/blockquote>\n\n\n\n<p>Em um cen\u00e1rio onde a moda \u00e9 muitas vezes passageira e as tend\u00eancias mudam quase t\u00e3o rapidamente quanto as esta\u00e7\u00f5es, os brech\u00f3s se destacam como verdadeiros ref\u00fagios de personalidade e sustentabilidade. Uma das caracter\u00edsticas mais encantadoras do Encontro de Brech\u00f3s&nbsp;Sa\u00ed do Arm\u00e1rio&nbsp;\u00e9 a oportunidade de adquirir roupas e acess\u00f3rios a pre\u00e7os acess\u00edveis, proporcionando uma experi\u00eancia de compra muito mais econ\u00f4mica. A pr\u00f3xima edi\u00e7\u00e3o j\u00e1 tem data marcada: dias 17 e 18 de fevereiro, na Galeria A Travessa.<\/p>\n\n\n\n<p><br>Ao explorar expositores repletos de itens, os visitantes n\u00e3o apenas encontram pe\u00e7as exclusivas, mas tamb\u00e9m t\u00eam a chance de economizar significativamente em compara\u00e7\u00e3o com as lojas convencionais de shoppings.&nbsp;\u201cPara ilustrar essa economia, considere o seguinte: uma pe\u00e7a de roupa que poderia custar uma quantia consider\u00e1vel em uma loja de shopping, com marca e status associados, muitas vezes pode ser adquirida em um brech\u00f3 por uma fra\u00e7\u00e3o do pre\u00e7o original. Estamos falando de uma economia not\u00e1vel que pode chegar a 70% ou mais\u201d,&nbsp;explica a&nbsp;empreendedora&nbsp;Kerolen Martins, uma das organizadoras do Sa\u00ed do Arm\u00e1rio&nbsp;destacando ainda que essa correla\u00e7\u00e3o de valores n\u00e3o apenas reflete a acessibilidade financeira dos brech\u00f3s, mas tamb\u00e9m proporciona uma oportunidade \u00fanica de construir um guarda-roupa diversificado e estiloso sem comprometer o or\u00e7amento. Nesta edi\u00e7\u00e3o do Sa\u00ed do Arm\u00e1rio, cerca de 40% dos expositores ter\u00e3o pe\u00e7as entre os valores de 10 e 40 reais.<\/p>\n\n\n\n<p><br>Em tradicionais encontros de brech\u00f3s, o ambiente \u00e9 permeado por uma atmosfera nost\u00e1lgica e a promessa de descobertas \u00fanicas agu\u00e7a a curiosidade de visitantes \u00e1vidos por pe\u00e7as aut\u00eanticas e em bom estado.&nbsp;\u201cNo Sa\u00ed do Arm\u00e1rio os amantes da moda n\u00e3o apenas fazem escolhas conscientes, mas tamb\u00e9m celebram a singularidade e a hist\u00f3ria que cada pe\u00e7a carrega consigo\u201d,&nbsp;ressalta Kerolen.<\/p>\n\n\n\n<p><br>Nesta edi\u00e7\u00e3o o universo da moda e dos acess\u00f3rios estar\u00e3o com pre\u00e7os irresist\u00edveis, em um cen\u00e1rio repleto de expositores que abrigam um verdadeiro tesouro de mais de 10 mil itens. Em cada dia, mais de 35 empreendedores trazem uma cole\u00e7\u00e3o \u00fanica de 150 a 300 produtos, abrangendo estilos, tamanhos e faixas de pre\u00e7o que atendem a todos os gostos e bolsos. Cada dia \u00e9 uma oportunidade \u00fanica de se perder na variedade e encontrar a pe\u00e7a perfeita para expressar seu estilo distintivo.<\/p>\n\n\n\n<figure class=\"wp-block-gallery has-nested-images columns-default is-cropped wp-block-gallery-1 is-layout-flex wp-block-gallery-is-layout-flex\"><div class=\"wp-block-image\">\n<figure class=\"aligncenter size-large\"><img loading=\"lazy\" decoding=\"async\" width=\"800\" height=\"800\" data-id=\"2146\" src=\"https:\/\/diarioparanaense.com\/wp-content\/uploads\/2024\/02\/Imagem-do-WhatsApp-de-2024-02-14-as-14.17.04_ebf508e2.jpg\" alt=\"\" class=\"wp-image-2146\" srcset=\"https:\/\/diarioparanaense.com\/wp-content\/uploads\/2024\/02\/Imagem-do-WhatsApp-de-2024-02-14-as-14.17.04_ebf508e2.jpg 800w, https:\/\/diarioparanaense.com\/wp-content\/uploads\/2024\/02\/Imagem-do-WhatsApp-de-2024-02-14-as-14.17.04_ebf508e2-300x300.jpg 300w, https:\/\/diarioparanaense.com\/wp-content\/uploads\/2024\/02\/Imagem-do-WhatsApp-de-2024-02-14-as-14.17.04_ebf508e2-150x150.jpg 150w, https:\/\/diarioparanaense.com\/wp-content\/uploads\/2024\/02\/Imagem-do-WhatsApp-de-2024-02-14-as-14.17.04_ebf508e2-768x768.jpg 768w, https:\/\/diarioparanaense.com\/wp-content\/uploads\/2024\/02\/Imagem-do-WhatsApp-de-2024-02-14-as-14.17.04_ebf508e2-696x696.jpg 696w, https:\/\/diarioparanaense.com\/wp-content\/uploads\/2024\/02\/Imagem-do-WhatsApp-de-2024-02-14-as-14.17.04_ebf508e2-420x420.jpg 420w\" sizes=\"auto, (max-width: 800px) 100vw, 800px\" \/><\/figure><\/div><\/figure>\n\n\n\n<p><strong>Servi\u00e7o<\/strong>:<br><strong>29\u00b0 Encontro de Brech\u00f3s Sa\u00ed do Arm\u00e1rio&nbsp;<br>Local<\/strong>:&nbsp;Galeria A Travessa<br><strong>Endere\u00e7o<\/strong>:&nbsp;Rua S\u00e3o Francisco, 232 e Rua Treze de Maio, 439 \u2013 Centro&nbsp;\u2013 Curitiba.&nbsp;<br><strong>Entrada<\/strong>:&nbsp;Franca<br><strong>Datas<\/strong>:&nbsp;17 e 18 de fevereiro \u2013 S\u00e1bado e Domingo<br><strong>Hor\u00e1rio<\/strong>:&nbsp;das 10h:00 \u00e0s 18h:00<br><strong>Pet&nbsp;friendly<\/strong><\/p>\n","protected":false},"excerpt":{"rendered":"<p>A variedade de produtos apresenta caracter\u00edsticas \u00fanicas e marcantes que revelam eleg\u00e2ncia e expressam riqueza nos detalhes de belas pe\u00e7as Por Emanuelle Spack Em um cen\u00e1rio onde a moda \u00e9 muitas vezes passageira e as tend\u00eancias mudam quase t\u00e3o rapidamente quanto as esta\u00e7\u00f5es, os brech\u00f3s se destacam como verdadeiros ref\u00fagios de personalidade e sustentabilidade. Uma [&hellip;]<\/p>\n","protected":false},"author":1,"featured_media":2144,"comment_status":"open","ping_status":"open","sticky":false,"template":"","format":"standard","meta":{"footnotes":""},"categories":[424],"tags":[],"class_list":["post-2143","post","type-post","status-publish","format-standard","has-post-thumbnail","hentry","category-curitiba"],"_links":{"self":[{"href":"https:\/\/diarioparanaense.com\/index.php?rest_route=\/wp\/v2\/posts\/2143","targetHints":{"allow":["GET"]}}],"collection":[{"href":"https:\/\/diarioparanaense.com\/index.php?rest_route=\/wp\/v2\/posts"}],"about":[{"href":"https:\/\/diarioparanaense.com\/index.php?rest_route=\/wp\/v2\/types\/post"}],"author":[{"embeddable":true,"href":"https:\/\/diarioparanaense.com\/index.php?rest_route=\/wp\/v2\/users\/1"}],"replies":[{"embeddable":true,"href":"https:\/\/diarioparanaense.com\/index.php?rest_route=%2Fwp%2Fv2%2Fcomments&post=2143"}],"version-history":[{"count":2,"href":"https:\/\/diarioparanaense.com\/index.php?rest_route=\/wp\/v2\/posts\/2143\/revisions"}],"predecessor-version":[{"id":2147,"href":"https:\/\/diarioparanaense.com\/index.php?rest_route=\/wp\/v2\/posts\/2143\/revisions\/2147"}],"wp:featuredmedia":[{"embeddable":true,"href":"https:\/\/diarioparanaense.com\/index.php?rest_route=\/wp\/v2\/media\/2144"}],"wp:attachment":[{"href":"https:\/\/diarioparanaense.com\/index.php?rest_route=%2Fwp%2Fv2%2Fmedia&parent=2143"}],"wp:term":[{"taxonomy":"category","embeddable":true,"href":"https:\/\/diarioparanaense.com\/index.php?rest_route=%2Fwp%2Fv2%2Fcategories&post=2143"},{"taxonomy":"post_tag","embeddable":true,"href":"https:\/\/diarioparanaense.com\/index.php?rest_route=%2Fwp%2Fv2%2Ftags&post=2143"}],"curies":[{"name":"wp","href":"https:\/\/api.w.org\/{rel}","templated":true}]}}