{"id":2137,"date":"2024-02-14T16:00:36","date_gmt":"2024-02-14T19:00:36","guid":{"rendered":"https:\/\/diarioparanaense.com\/?p=2137"},"modified":"2024-02-14T16:00:37","modified_gmt":"2024-02-14T19:00:37","slug":"especialista-alerta-para-importancia-da-higienizacao-de-malas-de-viagem","status":"publish","type":"post","link":"https:\/\/diarioparanaense.com\/?p=2137","title":{"rendered":"Especialista alerta para import\u00e2ncia da higieniza\u00e7\u00e3o de malas de viagem"},"content":{"rendered":"\n<p class=\"has-medium-font-size\">\u00c9 fundamental limpar regularmente as bagagens depois de viajar. Saiba qual a melhor forma<\/p>\n\n\n\n<p>Viajar \u00e9 \u00f3timo, e voltar pra casa melhor ainda. \u00c9 comum ouvir essa express\u00e3o, mas muitas vezes o retorno para a rotina di\u00e1ria depois de uma viagem \u2013 curta ou longa \u2013 acaba sendo corrido, sem os devidos cuidados ao desfazer e guardar as malas.<\/p>\n\n\n\n<p>\u201cMuitas pessoas retornam de viagem, desfazem as malas e as guardam. Imagine essa mala passando por aeroportos, esteiras, porta bagagens, \u00f4nibus e, a cada local, acumulando sujeira e bact\u00e9rias? Para evitar, \u00e9 preciso lavar as malas antes de guardar\u201d, orienta Birgit Marsili, propriet\u00e1ria da Lavoutique Lavanderia &amp; Costura.<\/p>\n\n\n\n<p>A especialista refor\u00e7a que, al\u00e9m da import\u00e2ncia da higieniza\u00e7\u00e3o correta desses itens ao voltar para casa, os cuidados b\u00e1sicos ajudam a aumentar a durabilidade das malas e utens\u00edlios de viagem.<\/p>\n\n\n\n<p>\u201cN\u00e3o limpar, significa guardar todas essas sujidades no arm\u00e1rio com outros itens limpos, espalhando ainda mais as bact\u00e9rias. Vale refor\u00e7ar que malas n\u00e3o podem ser lavadas em m\u00e1quinas. Muitas delas tem o fundo em papel\u00e3o e alguns tecidos exigem cuidado especial. \u00c9 preciso tamb\u00e9m usar produtos sempre neutros na lavagem\u201d, enfatiza.<\/p>\n\n\n\n<p>Na Lavoutique, a higieniza\u00e7\u00e3o de malas e demais itens de viagens \u00e9 feita de forma manual, sendo que algumas bagagens precisam ser desmontadas para poder ser devidamente limpas (as com rodinhas, por exemplo).<\/p>\n\n\n\n<p>\u201cAl\u00e9m disso, jamais secamos ao sol: a secagem \u00e9 realizada com aux\u00edlio de ventiladores e por gotejamento, em que as malas ficam penduradas e a \u00e1gua vai pingando at\u00e9 secar. \u00c9 um processo que pode durar at\u00e9 tr\u00eas dias\u201d, explica Birgit.<\/p>\n\n\n\n<p>Vale lembrar que o cuidado com a manuten\u00e7\u00e3o de malas de viagem n\u00e3o \u00e9 apenas uma quest\u00e3o est\u00e9tica ou econ\u00f4mica das pe\u00e7as, mas envolve a preven\u00e7\u00e3o de problemas respirat\u00f3rios e de sa\u00fade devido ao ac\u00famulo de sujeira.<\/p>\n\n\n\n<p class=\"has-medium-font-size\">Servi\u00e7o<\/p>\n\n\n\n<p><strong>Lavoutique Lavanderia &amp; Costura<br>Endere\u00e7o\u00a0Ecoville<\/strong>: Rua Prof. Pedro V. Parigot de Souza, 3901<br>Hor\u00e1rio de atendimento: Seg. a Sex. das 8h \u00e0s 18h | S\u00e1b. das 9h \u00e0s 13h<br><strong>Endere\u00e7o Batel:<\/strong> Alameda Dr. Carlos de Carvalho, 2050<br><strong>Hor\u00e1rio de atendimento:<\/strong> Seg. a S\u00e1b., das 9h \u00e0s 20h<br><strong>Telefone<\/strong>:\u00a0(41) 3285-8500 e (41) 3026-0600<br>Site: <a href=\"http:\/\/www.lavoutique.com\">www.lavoutique.com<\/a><\/p>\n","protected":false},"excerpt":{"rendered":"<p>\u00c9 fundamental limpar regularmente as bagagens depois de viajar. Saiba qual a melhor forma Viajar \u00e9 \u00f3timo, e voltar pra casa melhor ainda. \u00c9 comum ouvir essa express\u00e3o, mas muitas vezes o retorno para a rotina di\u00e1ria depois de uma viagem \u2013 curta ou longa \u2013 acaba sendo corrido, sem os devidos cuidados ao desfazer [&hellip;]<\/p>\n","protected":false},"author":1,"featured_media":2138,"comment_status":"open","ping_status":"open","sticky":false,"template":"","format":"standard","meta":{"footnotes":""},"categories":[29],"tags":[],"class_list":["post-2137","post","type-post","status-publish","format-standard","has-post-thumbnail","hentry","category-artigos"],"_links":{"self":[{"href":"https:\/\/diarioparanaense.com\/index.php?rest_route=\/wp\/v2\/posts\/2137","targetHints":{"allow":["GET"]}}],"collection":[{"href":"https:\/\/diarioparanaense.com\/index.php?rest_route=\/wp\/v2\/posts"}],"about":[{"href":"https:\/\/diarioparanaense.com\/index.php?rest_route=\/wp\/v2\/types\/post"}],"author":[{"embeddable":true,"href":"https:\/\/diarioparanaense.com\/index.php?rest_route=\/wp\/v2\/users\/1"}],"replies":[{"embeddable":true,"href":"https:\/\/diarioparanaense.com\/index.php?rest_route=%2Fwp%2Fv2%2Fcomments&post=2137"}],"version-history":[{"count":1,"href":"https:\/\/diarioparanaense.com\/index.php?rest_route=\/wp\/v2\/posts\/2137\/revisions"}],"predecessor-version":[{"id":2139,"href":"https:\/\/diarioparanaense.com\/index.php?rest_route=\/wp\/v2\/posts\/2137\/revisions\/2139"}],"wp:featuredmedia":[{"embeddable":true,"href":"https:\/\/diarioparanaense.com\/index.php?rest_route=\/wp\/v2\/media\/2138"}],"wp:attachment":[{"href":"https:\/\/diarioparanaense.com\/index.php?rest_route=%2Fwp%2Fv2%2Fmedia&parent=2137"}],"wp:term":[{"taxonomy":"category","embeddable":true,"href":"https:\/\/diarioparanaense.com\/index.php?rest_route=%2Fwp%2Fv2%2Fcategories&post=2137"},{"taxonomy":"post_tag","embeddable":true,"href":"https:\/\/diarioparanaense.com\/index.php?rest_route=%2Fwp%2Fv2%2Ftags&post=2137"}],"curies":[{"name":"wp","href":"https:\/\/api.w.org\/{rel}","templated":true}]}}