{"id":2126,"date":"2024-02-09T11:44:36","date_gmt":"2024-02-09T14:44:36","guid":{"rendered":"https:\/\/diarioparanaense.com\/?p=2126"},"modified":"2024-02-09T11:45:29","modified_gmt":"2024-02-09T14:45:29","slug":"sarah-oliver-aposta-no-pop-funk-no-novo-single-efeito-fogo","status":"publish","type":"post","link":"https:\/\/diarioparanaense.com\/?p=2126","title":{"rendered":"Sarah Oliver aposta no pop funk no novo single \u201cEfeito Fogo\u201d"},"content":{"rendered":"\n<p class=\"has-medium-font-size\">Can\u00e7\u00e3o chega \u00e0s plataformas digitais nesta sexta-feira (09)<\/p>\n\n\n\n<p>Dando in\u00edcio a uma s\u00e9rie de novidades, a cantora e compositora Sarah Oliver lan\u00e7a nesta sexta-feira (9), em todas as plataformas digitais, a primeira m\u00fasica de 2024, intitulada \u201cEfeito Fogo\u201d.<\/p>\n\n\n\n<p>Com composi\u00e7\u00e3o autoral e produ\u00e7\u00e3o musical de Borges Beats e Urba Produ\u00e7\u00f5es, a m\u00fasica mostra um novo momento na carreira da artista, que traz um vocal soprano e abra\u00e7a a est\u00e9tica do pop funk.<\/p>\n\n\n\n<p>Al\u00e9m disso, poderosa e decidida como ela, a can\u00e7\u00e3o d\u00e1 uma cutucada na ind\u00fastria musical. A faixa ganhar\u00e1 em breve um visualizer, que ser\u00e1 divulgado no canal do YouTube.<\/p>\n\n\n\n<p>\u201c\u2018Efeito Fogo\u2019 vem sendo uma aventura desde que come\u00e7amos a produzir. Junto com Borges decidimos trazer o pop funk, que est\u00e1 no sangue do brasileiro, abrindo possibilidades na m\u00fasica e na dan\u00e7a\u201d, conta&nbsp;Sarah&nbsp;Oliver.<\/p>\n","protected":false},"excerpt":{"rendered":"<p>Can\u00e7\u00e3o chega \u00e0s plataformas digitais nesta sexta-feira (09) Dando in\u00edcio a uma s\u00e9rie de novidades, a cantora e compositora Sarah Oliver lan\u00e7a nesta sexta-feira (9), em todas as plataformas digitais, a primeira m\u00fasica de 2024, intitulada \u201cEfeito Fogo\u201d. Com composi\u00e7\u00e3o autoral e produ\u00e7\u00e3o musical de Borges Beats e Urba Produ\u00e7\u00f5es, a m\u00fasica mostra um novo [&hellip;]<\/p>\n","protected":false},"author":1,"featured_media":2131,"comment_status":"open","ping_status":"open","sticky":false,"template":"","format":"standard","meta":{"footnotes":""},"categories":[27],"tags":[],"class_list":["post-2126","post","type-post","status-publish","format-standard","has-post-thumbnail","hentry","category-musica"],"_links":{"self":[{"href":"https:\/\/diarioparanaense.com\/index.php?rest_route=\/wp\/v2\/posts\/2126","targetHints":{"allow":["GET"]}}],"collection":[{"href":"https:\/\/diarioparanaense.com\/index.php?rest_route=\/wp\/v2\/posts"}],"about":[{"href":"https:\/\/diarioparanaense.com\/index.php?rest_route=\/wp\/v2\/types\/post"}],"author":[{"embeddable":true,"href":"https:\/\/diarioparanaense.com\/index.php?rest_route=\/wp\/v2\/users\/1"}],"replies":[{"embeddable":true,"href":"https:\/\/diarioparanaense.com\/index.php?rest_route=%2Fwp%2Fv2%2Fcomments&post=2126"}],"version-history":[{"count":1,"href":"https:\/\/diarioparanaense.com\/index.php?rest_route=\/wp\/v2\/posts\/2126\/revisions"}],"predecessor-version":[{"id":2128,"href":"https:\/\/diarioparanaense.com\/index.php?rest_route=\/wp\/v2\/posts\/2126\/revisions\/2128"}],"wp:featuredmedia":[{"embeddable":true,"href":"https:\/\/diarioparanaense.com\/index.php?rest_route=\/wp\/v2\/media\/2131"}],"wp:attachment":[{"href":"https:\/\/diarioparanaense.com\/index.php?rest_route=%2Fwp%2Fv2%2Fmedia&parent=2126"}],"wp:term":[{"taxonomy":"category","embeddable":true,"href":"https:\/\/diarioparanaense.com\/index.php?rest_route=%2Fwp%2Fv2%2Fcategories&post=2126"},{"taxonomy":"post_tag","embeddable":true,"href":"https:\/\/diarioparanaense.com\/index.php?rest_route=%2Fwp%2Fv2%2Ftags&post=2126"}],"curies":[{"name":"wp","href":"https:\/\/api.w.org\/{rel}","templated":true}]}}