{"id":2125,"date":"2024-02-09T11:44:36","date_gmt":"2024-02-09T14:44:36","guid":{"rendered":"https:\/\/diarioparanaense.com\/?p=2125"},"modified":"2024-02-09T11:45:48","modified_gmt":"2024-02-09T14:45:48","slug":"com-karol-g-los-brasileros-faturam-o-grammy-e-se-consolidam-no-mercado-da-musica-mundial","status":"publish","type":"post","link":"https:\/\/diarioparanaense.com\/?p=2125","title":{"rendered":"Com Karol G, Los Brasileros faturam o Grammy e se consolidam no mercado da m\u00fasica mundial"},"content":{"rendered":"\n<p class=\"has-medium-font-size\">Trio formado por Dan Valbusa, Marcelinho Ferraz e Pedro Dash levou a estatueta de &#8220;Melhor \u00c1lbum de M\u00fasica Urbana&#8221;, com Karol G.<\/p>\n\n\n\n<p>\u00c9 do Brasil! O trio Los Brasileros foi o grande vencedor do Grammy na categoria &#8220;Melhor \u00c1lbum de M\u00fasica Urbana&#8221; por &#8220;Ma\u00f1ana Ser\u00e1 Bonito&#8221;, novo \u00e1lbum de Karol G. Formado por Dan Valbusa, Marcelinho Ferraz e Pedro Dash, o trio \u00e9 respons\u00e1vel pela produ\u00e7\u00e3o da faixa &#8220;Mercurio&#8221;, que faz parte do novo projeto da cantora colombiana.<\/p>\n\n\n\n<p>A novidade chega em \u00f3timo momento para a carreira do Los Brasileros. Ap\u00f3s assinar produ\u00e7\u00f5es de nomes como Anitta, J\u00e3o, Ivete Sangalo, DAY LIMNS, Julies, al\u00e9m de sucessos como &#8220;Muleque de Vila&#8221;, de Projota, faixa 3x Diamante no Brasil, o trio venceu em 2023 dois Grammy Latinos, nas categorias &#8220;Melhor \u00c1lbum do Ano&#8221; e \u201cMelhor \u00c1lbum Latin, tamb\u00e9m com a produ\u00e7\u00e3o de Karol G. As estatuetas vieram ap\u00f3s outras seis indica\u00e7\u00f5es \u00e0 maior premia\u00e7\u00e3o de m\u00fasica latina.<\/p>\n\n\n\n<p>&#8220;Mercurio&#8221;, faixa produzida por Los Brasileros, inicialmente n\u00e3o faria parte do \u00e1lbum da norte-americana, mas ela gostou tanto da faixa que correu para que ficasse pronta a tempo do lan\u00e7amento. &#8220;O Dan j\u00e1 tinha feito parte do instrumental dessa m\u00fasica e mandou pra um amigo nosso de Miami. Ele mostrou pra Karol, ela pirou no som, escreveu a letra e correu pra colocar no \u00e1lbum, que j\u00e1 ia sair na semana seguinte. Ent\u00e3o enviamos os arquivos da m\u00fasica pro Wain, que \u00e9 nosso amigo, produtor e tamb\u00e9m mora por l\u00e1. Eles finalizaram a m\u00fasica correndo, a tempo da Karol conseguir colocar no \u00e1lbum&#8221;, explica o trio.<\/p>\n\n\n\n<p>Ap\u00f3s assinar grandes sucessos da m\u00fasica global, como faixas de J\u00e3o, Ivete Sangalo, DAY LIMNS, entre outros, os Los Brasileros querem mais. &#8220;Acredito que a jun\u00e7\u00e3o dos nossos estilos, gostos e entrosamento \u00e9 o que torna o som do Los Brasileros ter uma personalidade bem definida. Independente do artista que trabalhamos, tentamos sempre colocar refer\u00eancias e sonoridades que tornem aquela m\u00fasica algo \u00fanico, Somos um time e trabalhamos como tal. E hoje, as possibilidades s\u00e3o infinitas. A m\u00fasica brasileira atrai cada vez mais os ouvidos do mundo todo, ent\u00e3o estamos em um momento incr\u00edvel, n\u00e3o s\u00f3 das possibilidades de trabalho com artistas internacionais, mas tamb\u00e9m para os artistas e produtores brasileiros se projetarem para fora&#8221;, acrescenta o trio.<\/p>\n\n\n\n<p>Com sua vit\u00f3ria no Grammy, Los Brasileros consolida sua posi\u00e7\u00e3o como um dos principais nomes na produ\u00e7\u00e3o musical e continua a contribuir para a expans\u00e3o da presen\u00e7a da m\u00fasica brasileira no cen\u00e1rio&nbsp;mundial.<\/p>\n","protected":false},"excerpt":{"rendered":"<p>Trio formado por Dan Valbusa, Marcelinho Ferraz e Pedro Dash levou a estatueta de &#8220;Melhor \u00c1lbum de M\u00fasica Urbana&#8221;, com Karol G. \u00c9 do Brasil! O trio Los Brasileros foi o grande vencedor do Grammy na categoria &#8220;Melhor \u00c1lbum de M\u00fasica Urbana&#8221; por &#8220;Ma\u00f1ana Ser\u00e1 Bonito&#8221;, novo \u00e1lbum de Karol G. Formado por Dan Valbusa, [&hellip;]<\/p>\n","protected":false},"author":1,"featured_media":2132,"comment_status":"open","ping_status":"open","sticky":false,"template":"","format":"standard","meta":{"footnotes":""},"categories":[27],"tags":[],"class_list":["post-2125","post","type-post","status-publish","format-standard","has-post-thumbnail","hentry","category-musica"],"_links":{"self":[{"href":"https:\/\/diarioparanaense.com\/index.php?rest_route=\/wp\/v2\/posts\/2125","targetHints":{"allow":["GET"]}}],"collection":[{"href":"https:\/\/diarioparanaense.com\/index.php?rest_route=\/wp\/v2\/posts"}],"about":[{"href":"https:\/\/diarioparanaense.com\/index.php?rest_route=\/wp\/v2\/types\/post"}],"author":[{"embeddable":true,"href":"https:\/\/diarioparanaense.com\/index.php?rest_route=\/wp\/v2\/users\/1"}],"replies":[{"embeddable":true,"href":"https:\/\/diarioparanaense.com\/index.php?rest_route=%2Fwp%2Fv2%2Fcomments&post=2125"}],"version-history":[{"count":1,"href":"https:\/\/diarioparanaense.com\/index.php?rest_route=\/wp\/v2\/posts\/2125\/revisions"}],"predecessor-version":[{"id":2129,"href":"https:\/\/diarioparanaense.com\/index.php?rest_route=\/wp\/v2\/posts\/2125\/revisions\/2129"}],"wp:featuredmedia":[{"embeddable":true,"href":"https:\/\/diarioparanaense.com\/index.php?rest_route=\/wp\/v2\/media\/2132"}],"wp:attachment":[{"href":"https:\/\/diarioparanaense.com\/index.php?rest_route=%2Fwp%2Fv2%2Fmedia&parent=2125"}],"wp:term":[{"taxonomy":"category","embeddable":true,"href":"https:\/\/diarioparanaense.com\/index.php?rest_route=%2Fwp%2Fv2%2Fcategories&post=2125"},{"taxonomy":"post_tag","embeddable":true,"href":"https:\/\/diarioparanaense.com\/index.php?rest_route=%2Fwp%2Fv2%2Ftags&post=2125"}],"curies":[{"name":"wp","href":"https:\/\/api.w.org\/{rel}","templated":true}]}}