{"id":2124,"date":"2024-02-09T11:44:35","date_gmt":"2024-02-09T14:44:35","guid":{"rendered":"https:\/\/diarioparanaense.com\/?p=2124"},"modified":"2024-02-09T11:45:14","modified_gmt":"2024-02-09T14:45:14","slug":"vicka-lanca-versao-acustica-de-romantica-demais-apos-sucesso-e-indicacao-ao-premio-multishow","status":"publish","type":"post","link":"https:\/\/diarioparanaense.com\/?p=2124","title":{"rendered":"Vicka lan\u00e7a vers\u00e3o ac\u00fastica de &#8220;Rom\u00e2ntica Demais&#8221; ap\u00f3s sucesso e indica\u00e7\u00e3o ao Pr\u00eamio Multishow"},"content":{"rendered":"\n<p class=\"has-medium-font-size\">Primeiro single do novo EP da artista paranaense ganha vers\u00e3o in\u00e9dita nesta quinta-feira, dia 08 de fevereiro.<\/p>\n\n\n\n<p>Assista:<\/p>\n\n\n\n<p><a href=\"https:\/\/youtu.be\/LYGEByD1UqA\" target=\"_blank\" rel=\"noreferrer noopener\">https:\/\/youtu.be\/LYGEByD1UqA<\/a><\/p>\n\n\n\n<p>Vicka n\u00e3o nega que o romance \u00e9 um dos pilares de sua vida e trabalho. Com uma voz suave, a cantora paranaense apresenta nesta quinta-feira, (08), a vers\u00e3o ac\u00fastica de &#8220;Rom\u00e2ntica Demais&#8221;. Primeira faixa do EP &#8220;Entrega&#8221;, lan\u00e7ado em 2023, a can\u00e7\u00e3o concorreu ao Pr\u00eamio Multishow de M\u00fasica Brasileira, Agora, a faixa chega em nova vers\u00e3o, a primeira de uma s\u00e9rie de lan\u00e7amentos que Vicka far\u00e1 para comemorar o sucesso do projeto.<\/p>\n\n\n\n<p>Com \u00f3timos n\u00fameros nas plataformas digitais, o novo EP de Vicka ganhar\u00e1 vers\u00f5es ac\u00fasticas, criando uma nova forma de ser ouvido. Composta pela pr\u00f3pria Vicka em parceria com L\u00e9o Grazz, \u201cRom\u00e2ntica Demais\u201d \u00e9 para aqueles que amam \u00e0 moda antiga. \u201cA letra remete a um tempo menos digital, onde o amor ganha forma nos pequenos gestos. Um sentimento de nostalgia e um exagero l\u00edrico sobre viver intensamente uma paix\u00e3o e se deixar levar pela emo\u00e7\u00e3o\u201d, revela Vicka.<\/p>\n\n\n\n<p>&#8220;Essa \u00e9 uma can\u00e7\u00e3o para os \u00faltimos rom\u00e2nticos, para aqueles que n\u00e3o sentem medo de amar, que se encontram numa longa conversa, numa mesa de bar, em um olhar que se cruza na esquina, que faz congelar o tempo, que eterniza o pra sempre num simples momento. Para quem que se arrisca sem receio de ser cafona ou brega, que deixa o cora\u00e7\u00e3o falar mais alto e que pro sentimento se entrega!&#8221;, acrescenta a cantora.<\/p>\n\n\n\n<p>EP Ac\u00fastico<\/p>\n\n\n\n<p>&#8220;Rom\u00e2ntica Demais&#8221; \u00e9 a primeira faixa do EP &#8220;Entrega&#8221; a ganhar uma vers\u00e3o ac\u00fastica. Dessa forma, o projeto ganha uma nova sonoridade e nova forma de ser ouvido.<\/p>\n\n\n\n<p>A s\u00e9rie vem para criar uma conex\u00e3o maior com os f\u00e3s, as m\u00fasicas s\u00e3o cantadas da maneira mais singela, viol\u00e3o e voz, da maneira que foram escritas. A ideia \u00e9 trazer a poesia contextualizando a hist\u00f3ria de cada composi\u00e7\u00e3o. A capta\u00e7\u00e3o foi feita em Cascavel, num cen\u00e1rio intimista que tamb\u00e9m aparece em algumas das cenas rom\u00e2nticas do clipe da m\u00fasica &#8216;Como tinha que ser&#8217;.<\/p>\n\n\n\n<p>EP &#8220;ENTREGA&#8221; \u00e9 uma cole\u00e7\u00e3o de faixas que mergulham profundamente nas complexidades do amor e das emo\u00e7\u00f5es. Cada m\u00fasica explora uma perspectiva sobre a paix\u00e3o, sensibilidade e vulnerabilidade dos sentimentos at\u00e9 a celebra\u00e7\u00e3o da certeza do amor. Produzido por Renato Patriarca, com influ\u00eancia forte da M\u00fasica Brasileira nas linhas harm\u00f4nicas e melodias, o trabalho que foi lan\u00e7ado em Setembro de 2023, ganhou destaque com a can\u00e7\u00e3o &#8216;Rom\u00e2ntica Demais&#8217; que foi indicada ao Pr\u00eamio Multishow 2023.<\/p>\n\n\n\n<p>O trabalho de Vicka vem ganhando for\u00e7a e ramifica\u00e7\u00f5es. Recentemente, a artista foi anunciada como vencedora de um concurso promovido por Oswaldo Montenegro. Juntos, eles lan\u00e7ar\u00e3o um \u00e1lbum in\u00e9dito e 10 videoclipes. A novidade foi anunciada pelo pr\u00f3prio cantor em suas redes sociais.<\/p>\n\n\n\n<p>Sobre Vicka<\/p>\n\n\n\n<p>Vicka \u00e9 cantora, compositora e instrumentista. A artista paranaense nascida em Cascavel j\u00e1 completou mais de 10 anos de hist\u00f3ria com a m\u00fasica. Vicka come\u00e7ou a se apresentar aos 12 anos, teve suas primeiras can\u00e7\u00f5es gravadas em est\u00fadio aos 16, e hoje com 27 anos se destaca entre os artistas da nova gera\u00e7\u00e3o. Sua voz doce, o viol\u00e3o em punhos e a mensagem de resili\u00eancia s\u00e3o as marcas da artista que ganhou o Brasil ap\u00f3s viralizar o sucesso \u201cPausa\u201d em abril de 2020.<\/p>\n\n\n\n<p>Seu \u00faltimo trabalho, o EP &#8216;Entrega&#8217;, lan\u00e7ado de forma independente e produzido por Renato Patriarca, aprofunda a poesia, palavras e rimas. Explorando o romance, &#8220;Entrega&#8221; \u00e9 uma jornada musical de cinco faixas que mergulham nas profundezas das complexidades do amor e das emo\u00e7\u00f5es humanas. Cada uma das cinco m\u00fasicas no EP oferece uma vis\u00e3o \u00fanica sobre o amor, desde a delicadeza dos sentimentos at\u00e9 a exuberante celebra\u00e7\u00e3o da certeza&nbsp;do&nbsp;afeto.<\/p>\n","protected":false},"excerpt":{"rendered":"<p>Primeiro single do novo EP da artista paranaense ganha vers\u00e3o in\u00e9dita nesta quinta-feira, dia 08 de fevereiro. Assista: https:\/\/youtu.be\/LYGEByD1UqA Vicka n\u00e3o nega que o romance \u00e9 um dos pilares de sua vida e trabalho. Com uma voz suave, a cantora paranaense apresenta nesta quinta-feira, (08), a vers\u00e3o ac\u00fastica de &#8220;Rom\u00e2ntica Demais&#8221;. Primeira faixa do EP [&hellip;]<\/p>\n","protected":false},"author":1,"featured_media":2130,"comment_status":"open","ping_status":"open","sticky":false,"template":"","format":"standard","meta":{"footnotes":""},"categories":[27],"tags":[],"class_list":["post-2124","post","type-post","status-publish","format-standard","has-post-thumbnail","hentry","category-musica"],"_links":{"self":[{"href":"https:\/\/diarioparanaense.com\/index.php?rest_route=\/wp\/v2\/posts\/2124","targetHints":{"allow":["GET"]}}],"collection":[{"href":"https:\/\/diarioparanaense.com\/index.php?rest_route=\/wp\/v2\/posts"}],"about":[{"href":"https:\/\/diarioparanaense.com\/index.php?rest_route=\/wp\/v2\/types\/post"}],"author":[{"embeddable":true,"href":"https:\/\/diarioparanaense.com\/index.php?rest_route=\/wp\/v2\/users\/1"}],"replies":[{"embeddable":true,"href":"https:\/\/diarioparanaense.com\/index.php?rest_route=%2Fwp%2Fv2%2Fcomments&post=2124"}],"version-history":[{"count":1,"href":"https:\/\/diarioparanaense.com\/index.php?rest_route=\/wp\/v2\/posts\/2124\/revisions"}],"predecessor-version":[{"id":2127,"href":"https:\/\/diarioparanaense.com\/index.php?rest_route=\/wp\/v2\/posts\/2124\/revisions\/2127"}],"wp:featuredmedia":[{"embeddable":true,"href":"https:\/\/diarioparanaense.com\/index.php?rest_route=\/wp\/v2\/media\/2130"}],"wp:attachment":[{"href":"https:\/\/diarioparanaense.com\/index.php?rest_route=%2Fwp%2Fv2%2Fmedia&parent=2124"}],"wp:term":[{"taxonomy":"category","embeddable":true,"href":"https:\/\/diarioparanaense.com\/index.php?rest_route=%2Fwp%2Fv2%2Fcategories&post=2124"},{"taxonomy":"post_tag","embeddable":true,"href":"https:\/\/diarioparanaense.com\/index.php?rest_route=%2Fwp%2Fv2%2Ftags&post=2124"}],"curies":[{"name":"wp","href":"https:\/\/api.w.org\/{rel}","templated":true}]}}