{"id":2121,"date":"2024-02-09T11:35:36","date_gmt":"2024-02-09T14:35:36","guid":{"rendered":"https:\/\/diarioparanaense.com\/?p=2121"},"modified":"2024-02-09T11:35:36","modified_gmt":"2024-02-09T14:35:36","slug":"farmacias-nissei-abre-mais-de-200-vagas-de-emprego-em-curitiba-e-rmc","status":"publish","type":"post","link":"https:\/\/diarioparanaense.com\/?p=2121","title":{"rendered":"Farm\u00e1cias Nissei abre mais de 200 vagas de emprego em Curitiba e RMC"},"content":{"rendered":"\n<p class=\"has-medium-font-size\">Oportunidades dispon\u00edveis para fun\u00e7\u00f5es operacionais; sal\u00e1rios podem alcan\u00e7ar at\u00e9 R$ 4,5 mil<\/p>\n\n\n\n<p>No dia 19 de fevereiro, a rede de Farm\u00e1cias Nissei realizar\u00e1 um mutir\u00e3o, proporcionando mais de 200 oportunidades de emprego. O &#8220;Dia N&#8221; acontecer\u00e1 das 08h \u00e0s 15h em nove Ag\u00eancias do Trabalhador de Curitiba e Regi\u00e3o Metropolitana, com vagas dispon\u00edveis para cargos operacionais como Assistente de Loja, Auxiliar de Servi\u00e7os Gerais, Balconista e Farmac\u00eautico.<\/p>\n\n\n\n<p>Regina Molinari, diretora de Gente e Cultura da rede, destaca que a a\u00e7\u00e3o tem como prop\u00f3sito atrair talentos para integrar o time &#8220;Sangue Amarelo Nissei&#8221;, que ser\u00e1 expandido conforme o plano de expans\u00e3o da empresa.<\/p>\n\n\n\n<p>&#8220;A iniciativa visa simplificar o processo de inscri\u00e7\u00e3o para essas vagas, diminuindo o intervalo entre a aplica\u00e7\u00e3o do candidato e a efetiva\u00e7\u00e3o da contrata\u00e7\u00e3o&#8221;, destaca Regina.<\/p>\n\n\n\n<p>No Dia D Nissei, ser\u00e3o realizadas simultaneamente tr\u00eas das quatro etapas do processo seletivo nas Ag\u00eancias do Trabalhador: inscri\u00e7\u00e3o, entrevista com recrutadores e entrevista com o gerente da loja onde a vaga est\u00e1 dispon\u00edvel. Ap\u00f3s a aprova\u00e7\u00e3o, os candidatos dever\u00e3o apresentar a documenta\u00e7\u00e3o completa para contrata\u00e7\u00e3o na Nissei. No entanto, no dia 19, \u00e9 necess\u00e1rio levar apenas RG e carteira de trabalho.<\/p>\n\n\n\n<p>&#8220;Na Nissei, valorizamos o potencial de cada colaborador em um ambiente de trabalho com trilha de carreira estruturada, certifica\u00e7\u00e3o do Great Place to Work (GPTW), e benef\u00edcios abrangentes, como plano de sa\u00fade e odontol\u00f3gico, al\u00e9m de servi\u00e7os de telemedicina e tele psicologia. Esses aspectos refletem o nosso compromisso com o bem-estar e desenvolvimento integral dos nossos colaboradores&#8221;, ressalta a diretora.<\/p>\n\n\n\n<p>Do total de vagas dispon\u00edveis, cem ser\u00e3o para in\u00edcio imediato, enquanto as restantes ser\u00e3o direcionadas ao banco de talentos da empresa. Os sal\u00e1rios variam de R$ 900 a R$ 4,5 mil, dependendo do n\u00edvel de escolaridade exigido e da fun\u00e7\u00e3o a ser ocupada.<\/p>\n\n\n\n<p><strong>Confira as Ag\u00eancias do Trabalhador que participar\u00e3o da a\u00e7\u00e3o:<\/strong><\/p>\n\n\n\n<p><strong>Campo Largo<\/strong><\/p>\n\n\n\n<p>R. Oswaldo Cruz, 735 &#8211; Centro<\/p>\n\n\n\n<p><strong>Colombo<\/strong><\/p>\n\n\n\n<p>Estr. Da Ribeira &#8211; Br-476, 55 &#8211; Guaraituba<\/p>\n\n\n\n<p><strong>Curitiba<\/strong><\/p>\n\n\n\n<p>Av. Paran\u00e1, 3600 &#8211; Boa Vista<br>Av. Winston Churchill, 2033 &#8211; Pinheirinho<br>P\u00e7. Rui Barbosa, 101 &#8211; Centro<br>R. Santa Bertilla Boscardin, 213 &#8211; Santa Felicidade<br>R. Tijucas do Sul, 1700 &#8211; S\u00edtio Cercado<\/p>\n\n\n\n<p><strong>Piraquara<\/strong><\/p>\n\n\n\n<p>Av. Get\u00falio Vargas, 81 &#8211; Centro<\/p>\n\n\n\n<p>S\u00e3o Jos\u00e9 dos Pinhais<\/p>\n\n\n\n<p>Av. Rui Barbosa,&nbsp;9244&nbsp;&#8211;&nbsp;Centro<\/p>\n","protected":false},"excerpt":{"rendered":"<p>Oportunidades dispon\u00edveis para fun\u00e7\u00f5es operacionais; sal\u00e1rios podem alcan\u00e7ar at\u00e9 R$ 4,5 mil No dia 19 de fevereiro, a rede de Farm\u00e1cias Nissei realizar\u00e1 um mutir\u00e3o, proporcionando mais de 200 oportunidades de emprego. O &#8220;Dia N&#8221; acontecer\u00e1 das 08h \u00e0s 15h em nove Ag\u00eancias do Trabalhador de Curitiba e Regi\u00e3o Metropolitana, com vagas dispon\u00edveis para cargos [&hellip;]<\/p>\n","protected":false},"author":1,"featured_media":2122,"comment_status":"open","ping_status":"open","sticky":false,"template":"","format":"standard","meta":{"footnotes":""},"categories":[424],"tags":[],"class_list":["post-2121","post","type-post","status-publish","format-standard","has-post-thumbnail","hentry","category-curitiba"],"_links":{"self":[{"href":"https:\/\/diarioparanaense.com\/index.php?rest_route=\/wp\/v2\/posts\/2121","targetHints":{"allow":["GET"]}}],"collection":[{"href":"https:\/\/diarioparanaense.com\/index.php?rest_route=\/wp\/v2\/posts"}],"about":[{"href":"https:\/\/diarioparanaense.com\/index.php?rest_route=\/wp\/v2\/types\/post"}],"author":[{"embeddable":true,"href":"https:\/\/diarioparanaense.com\/index.php?rest_route=\/wp\/v2\/users\/1"}],"replies":[{"embeddable":true,"href":"https:\/\/diarioparanaense.com\/index.php?rest_route=%2Fwp%2Fv2%2Fcomments&post=2121"}],"version-history":[{"count":1,"href":"https:\/\/diarioparanaense.com\/index.php?rest_route=\/wp\/v2\/posts\/2121\/revisions"}],"predecessor-version":[{"id":2123,"href":"https:\/\/diarioparanaense.com\/index.php?rest_route=\/wp\/v2\/posts\/2121\/revisions\/2123"}],"wp:featuredmedia":[{"embeddable":true,"href":"https:\/\/diarioparanaense.com\/index.php?rest_route=\/wp\/v2\/media\/2122"}],"wp:attachment":[{"href":"https:\/\/diarioparanaense.com\/index.php?rest_route=%2Fwp%2Fv2%2Fmedia&parent=2121"}],"wp:term":[{"taxonomy":"category","embeddable":true,"href":"https:\/\/diarioparanaense.com\/index.php?rest_route=%2Fwp%2Fv2%2Fcategories&post=2121"},{"taxonomy":"post_tag","embeddable":true,"href":"https:\/\/diarioparanaense.com\/index.php?rest_route=%2Fwp%2Fv2%2Ftags&post=2121"}],"curies":[{"name":"wp","href":"https:\/\/api.w.org\/{rel}","templated":true}]}}