{"id":2118,"date":"2024-02-07T17:18:21","date_gmt":"2024-02-07T20:18:21","guid":{"rendered":"https:\/\/diarioparanaense.com\/?p=2118"},"modified":"2024-02-07T17:18:21","modified_gmt":"2024-02-07T20:18:21","slug":"valor-recorde-apolar-imoveis-alcanca-o-melhor-vgv-do-grupo-em-2023","status":"publish","type":"post","link":"https:\/\/diarioparanaense.com\/?p=2118","title":{"rendered":"Valor recorde: Apolar Im\u00f3veis alcan\u00e7a o melhor VGV do grupo em 2023"},"content":{"rendered":"\n<p class=\"has-medium-font-size\">Rede imobili\u00e1ria do sul do pa\u00eds alcan\u00e7ou o VGV de R$ 1,2 bilh\u00e3o em 2023 e, em 2024, pretende superar em 20% esse valor<\/p>\n\n\n\n<p>A Apolar Im\u00f3veis, rede imobili\u00e1ria do sul do pa\u00eds, alcan\u00e7ou o maior Valor Global de Vendas (VGV) da hist\u00f3ria do grupo: cerca de R$ 1,2 bilh\u00e3o. Com novas estrat\u00e9gias e planejamento, o objetivo da marca \u00e9 superar em 20% esse valor no ano de 2024. Ainda pela an\u00e1lise de performance da empresa, as vendas de im\u00f3veis tiveram um crescimento de 7% em rela\u00e7\u00e3o ao ano de 2022 e o volume de loca\u00e7\u00e3o teve um incremento de 6% no mesmo per\u00edodo.<\/p>\n\n\n\n<p>Em 2023, a companhia cresceu mais do que o esperado. \u201cO ano passado acabou superando as expectativas. O mercado imobili\u00e1rio se manteve saud\u00e1vel, com manuten\u00e7\u00e3o da oferta de cr\u00e9dito e a sinaliza\u00e7\u00e3o da redu\u00e7\u00e3o de juros, que trouxe otimismo, o que na Apolar conseguimos traduzir em performance\u201d, afirma o CEO da Rede Apolar, Gutemberg Raicherth.<\/p>\n\n\n\n<p>Hoje, com mais de 70 unidades em cidades no Paran\u00e1 e em Santa Catarina, a Apolar prev\u00ea alcan\u00e7ar a marca de 100 franquias em 2024. Por isso, oferecem treinamentos e contam com um sistema pr\u00f3prio de gest\u00e3o (ERP) para ofertar ao franqueado uma oportunidade rent\u00e1vel, com um investimento m\u00ednimo de R$ 60 mil e uma taxa de payback que varia entre 12 e 18 meses.<\/p>\n\n\n\n<p>Sobre as expectativas para 2024, Raichert ainda avalia que o setor deve seguir o cen\u00e1rio do mercado imobili\u00e1rio em 2023. \u201cA tend\u00eancia \u00e9 de que, neste ano, poderemos ter surpresas positivas no mercado imobili\u00e1rio, puxadas pela redu\u00e7\u00e3o de juros, pela manuten\u00e7\u00e3o do n\u00edvel de cr\u00e9dito imobili\u00e1rio e, principalmente, pelo fortalecimento do programa Minha Casa Minha Vida\u201d,&nbsp;ressalta&nbsp;o&nbsp;CEO.<\/p>\n","protected":false},"excerpt":{"rendered":"<p>Rede imobili\u00e1ria do sul do pa\u00eds alcan\u00e7ou o VGV de R$ 1,2 bilh\u00e3o em 2023 e, em 2024, pretende superar em 20% esse valor A Apolar Im\u00f3veis, rede imobili\u00e1ria do sul do pa\u00eds, alcan\u00e7ou o maior Valor Global de Vendas (VGV) da hist\u00f3ria do grupo: cerca de R$ 1,2 bilh\u00e3o. Com novas estrat\u00e9gias e planejamento, [&hellip;]<\/p>\n","protected":false},"author":1,"featured_media":2119,"comment_status":"open","ping_status":"open","sticky":false,"template":"","format":"standard","meta":{"footnotes":""},"categories":[324],"tags":[],"class_list":["post-2118","post","type-post","status-publish","format-standard","has-post-thumbnail","hentry","category-negocios"],"_links":{"self":[{"href":"https:\/\/diarioparanaense.com\/index.php?rest_route=\/wp\/v2\/posts\/2118","targetHints":{"allow":["GET"]}}],"collection":[{"href":"https:\/\/diarioparanaense.com\/index.php?rest_route=\/wp\/v2\/posts"}],"about":[{"href":"https:\/\/diarioparanaense.com\/index.php?rest_route=\/wp\/v2\/types\/post"}],"author":[{"embeddable":true,"href":"https:\/\/diarioparanaense.com\/index.php?rest_route=\/wp\/v2\/users\/1"}],"replies":[{"embeddable":true,"href":"https:\/\/diarioparanaense.com\/index.php?rest_route=%2Fwp%2Fv2%2Fcomments&post=2118"}],"version-history":[{"count":1,"href":"https:\/\/diarioparanaense.com\/index.php?rest_route=\/wp\/v2\/posts\/2118\/revisions"}],"predecessor-version":[{"id":2120,"href":"https:\/\/diarioparanaense.com\/index.php?rest_route=\/wp\/v2\/posts\/2118\/revisions\/2120"}],"wp:featuredmedia":[{"embeddable":true,"href":"https:\/\/diarioparanaense.com\/index.php?rest_route=\/wp\/v2\/media\/2119"}],"wp:attachment":[{"href":"https:\/\/diarioparanaense.com\/index.php?rest_route=%2Fwp%2Fv2%2Fmedia&parent=2118"}],"wp:term":[{"taxonomy":"category","embeddable":true,"href":"https:\/\/diarioparanaense.com\/index.php?rest_route=%2Fwp%2Fv2%2Fcategories&post=2118"},{"taxonomy":"post_tag","embeddable":true,"href":"https:\/\/diarioparanaense.com\/index.php?rest_route=%2Fwp%2Fv2%2Ftags&post=2118"}],"curies":[{"name":"wp","href":"https:\/\/api.w.org\/{rel}","templated":true}]}}