{"id":2112,"date":"2024-02-07T16:29:44","date_gmt":"2024-02-07T19:29:44","guid":{"rendered":"https:\/\/diarioparanaense.com\/?p=2112"},"modified":"2024-02-07T16:29:44","modified_gmt":"2024-02-07T19:29:44","slug":"jey-retorna-ao-cenario-com-seu-mais-novo-single-me-completa","status":"publish","type":"post","link":"https:\/\/diarioparanaense.com\/?p=2112","title":{"rendered":"Jey retorna ao cen\u00e1rio com seu mais novo single &#8220;Me Completa&#8221;"},"content":{"rendered":"\n<p>Depois de se dedicar ao cinema e gravar cinco filmes, a atriz, cantora e compositora Jey est\u00e1 de volta ao cen\u00e1rio musical. Nesta quarta-feira (07), ela lan\u00e7ou seu mais novo single de trabalho intitulado &#8220;Me completa&#8221;. Com uma pegada de samba leve bem contagiante, a faixa marca uma nova fase em sua carreira.<\/p>\n\n\n\n<p>Nos versos da faixa, produzida por Andr\u00e9 Magalh\u00e3es, a artista retrata a indecis\u00e3o de algu\u00e9m que est\u00e1 dividida entre dois amores. \u201cA cria\u00e7\u00e3o dessa m\u00fasica \u00e9 literalmente uma resposta a sociedade que escuta um homem pode gostar de duas mulheres e para o nosso universo feminino poder falar algo desse tipo seria uma afronta! E essa \u00e9 a inten\u00e7\u00e3o, sairmos dessa bolha de que s\u00f3 o homem tem a liberdade de ser livre para se relacionar com quem quiser\u201d, afirma Jey.<\/p>\n\n\n\n<p>A dualidade desses amores \u00e9 expressa nos versos do single, onde ela expressa a dificuldade de fazer uma escolha. Eu gosto de voc\u00ea \/ mas tamb\u00e9m gosto dele \/ para de tentar me p\u00f4r contra a parede \/ T\u00e3o dif\u00edcil escolher\u201d, canta a artista no refr\u00e3o chiclete.<\/p>\n\n\n\n<p>Para complementar a can\u00e7\u00e3o, a cantora preparou um videoclipe especial. Mergulhando no clima quente do ver\u00e3o e no per\u00edodo pr\u00e9-carnaval, a artista mostrou que tem samba no p\u00e9. Nas cenas, Jey surge dan\u00e7ando em um cen\u00e1rio dividido pelas cores roxa e laranja, que representam ambos lados da hist\u00f3ria. Para a produ\u00e7\u00e3o, ela tamb\u00e9m apostou em dois looks carnavalescos sensuais e com muita franja.<\/p>\n\n\n\n<p>Jey revela que todo o processo de grava\u00e7\u00e3o foi muito fluido, principalmente por j\u00e1 possuir experi\u00eancias na dan\u00e7a e por ser apaixonada pelo samba.<\/p>\n\n\n\n<blockquote class=\"wp-block-quote is-layout-flow wp-block-quote-is-layout-flow\">\n<p>\u201cMe sinto em casa nesse estilo! J\u00e1 sambo desde crian\u00e7a e at\u00e9 j\u00e1 ensinei japonesa a sambar quando morei no Jap\u00e3o. Foi divertido e muito gratificante, com certeza o clipe mais f\u00e1cil de fazer\u201d,\u00a0declarou.<\/p>\n<\/blockquote>\n","protected":false},"excerpt":{"rendered":"<p>Depois de se dedicar ao cinema e gravar cinco filmes, a atriz, cantora e compositora Jey est\u00e1 de volta ao cen\u00e1rio musical. Nesta quarta-feira (07), ela lan\u00e7ou seu mais novo single de trabalho intitulado &#8220;Me completa&#8221;. Com uma pegada de samba leve bem contagiante, a faixa marca uma nova fase em sua carreira. Nos versos [&hellip;]<\/p>\n","protected":false},"author":1,"featured_media":2113,"comment_status":"open","ping_status":"open","sticky":false,"template":"","format":"standard","meta":{"footnotes":""},"categories":[27],"tags":[],"class_list":["post-2112","post","type-post","status-publish","format-standard","has-post-thumbnail","hentry","category-musica"],"_links":{"self":[{"href":"https:\/\/diarioparanaense.com\/index.php?rest_route=\/wp\/v2\/posts\/2112","targetHints":{"allow":["GET"]}}],"collection":[{"href":"https:\/\/diarioparanaense.com\/index.php?rest_route=\/wp\/v2\/posts"}],"about":[{"href":"https:\/\/diarioparanaense.com\/index.php?rest_route=\/wp\/v2\/types\/post"}],"author":[{"embeddable":true,"href":"https:\/\/diarioparanaense.com\/index.php?rest_route=\/wp\/v2\/users\/1"}],"replies":[{"embeddable":true,"href":"https:\/\/diarioparanaense.com\/index.php?rest_route=%2Fwp%2Fv2%2Fcomments&post=2112"}],"version-history":[{"count":1,"href":"https:\/\/diarioparanaense.com\/index.php?rest_route=\/wp\/v2\/posts\/2112\/revisions"}],"predecessor-version":[{"id":2114,"href":"https:\/\/diarioparanaense.com\/index.php?rest_route=\/wp\/v2\/posts\/2112\/revisions\/2114"}],"wp:featuredmedia":[{"embeddable":true,"href":"https:\/\/diarioparanaense.com\/index.php?rest_route=\/wp\/v2\/media\/2113"}],"wp:attachment":[{"href":"https:\/\/diarioparanaense.com\/index.php?rest_route=%2Fwp%2Fv2%2Fmedia&parent=2112"}],"wp:term":[{"taxonomy":"category","embeddable":true,"href":"https:\/\/diarioparanaense.com\/index.php?rest_route=%2Fwp%2Fv2%2Fcategories&post=2112"},{"taxonomy":"post_tag","embeddable":true,"href":"https:\/\/diarioparanaense.com\/index.php?rest_route=%2Fwp%2Fv2%2Ftags&post=2112"}],"curies":[{"name":"wp","href":"https:\/\/api.w.org\/{rel}","templated":true}]}}