{"id":2105,"date":"2024-02-05T16:50:45","date_gmt":"2024-02-05T19:50:45","guid":{"rendered":"https:\/\/diarioparanaense.com\/?p=2105"},"modified":"2024-02-05T16:50:45","modified_gmt":"2024-02-05T19:50:45","slug":"jovem-baiana-atrai-20-milhoes-de-adolescentes-nas-redes-sociais-com-videos-criativos-sobre-cuidados-com-a-saude-feminina","status":"publish","type":"post","link":"https:\/\/diarioparanaense.com\/?p=2105","title":{"rendered":"Jovem baiana atrai 20 milh\u00f5es de adolescentes nas redes sociais com v\u00eddeos criativos sobre cuidados com a sa\u00fade feminina"},"content":{"rendered":"\n<p class=\"has-medium-font-size\">Produtora de conte\u00fado inova com postagens informativas que cativam jovens na faixa de 10 e 20 anos<\/p>\n\n\n\n<p>YouTube, Facebook e Instagram ainda s\u00e3o as redes mais acessadas pelos usu\u00e1rios brasileiros, com alcance de 96,4%, 85,1% e 81,4%, respectivamente. Estas porcentagens incluem mais de 131,5 milh\u00f5es de usu\u00e1rios ativos, sendo o Brasil o terceiro pa\u00eds que mais consome redes sociais no mundo. Ele fica atr\u00e1s apenas da \u00cdndia e Indon\u00e9sia, e \u00e0 frente de Estados Unidos, M\u00e9xico e Argentina. \u00c9 o que confirma o levantamento da Comscore, que avalia m\u00eddias em todas as plataformas.<\/p>\n\n\n\n<p>Em todo este destaque, os adolescentes seguem como grande fatia. De acordo com a pesquisa TIC Kids Online Brasil, do Comit\u00ea Gestor da Internet no Brasil, 95% das crian\u00e7as e adolescentes de 9 a 17 anos de todo o pa\u00eds t\u00eam acesso a internet \u2013 o que corresponde a mais de 25,1 milh\u00f5es nessa faixa et\u00e1ria.<\/p>\n\n\n\n<p>Com toda a pot\u00eancia, a preocupa\u00e7\u00e3o dos pais se faz mais frequente. \u201cAfinal, o que meu filho est\u00e1 assistindo?\u201d, muitos se perguntam. Fen\u00f4meno nas redes sociais, a produtora de conte\u00fados Dudda Maryah pode ser um conforto para os cora\u00e7\u00f5es desses adultos, assim como \u00e9 para os mais de 20 milh\u00f5es de jovens seguidores em suas redes, como TikTok, Instagram e YouTube.<\/p>\n\n\n\n<p>A jovem baiana tem conquistado um feito que \u00e9 desejado por m\u00e3es, pais, m\u00e9dicos e profissionais da educa\u00e7\u00e3o: fazer os jovens se interessarem por temas como sa\u00fade e fam\u00edlia. Dudda Maryah, 21, come\u00e7ou a produzir conte\u00fado na internet com seus roteiros criativos e ganhou uma legi\u00e3o de f\u00e3s em poucos meses.<\/p>\n\n\n\n<p>Menstrua\u00e7\u00e3o, doen\u00e7as comuns na adolesc\u00eancia, cuidados com a sa\u00fade no geral e valores familiares permeiam os v\u00eddeos c\u00f4micos que s\u00e3o como mininovelas, sempre com atua\u00e7\u00f5es da pr\u00f3pria Dudda, a qual faz as diversas personagens. Em meio a esta criatividade, surge a esperan\u00e7a de que as jovens brasileiras possam passar a manter os cuidados com a sa\u00fade, j\u00e1 que duas em cada tr\u00eas adolescentes nunca foram ao ginecologista no pa\u00eds. Os dados s\u00e3o da ONG Pan International Brasil, que fez a pesquisa com jovens entre 14 e 19 anos.<\/p>\n\n\n\n<p>Al\u00e9m disto, 30% dos casos de viol\u00eancia em solo verde e amarelo ocorrem com garotas entre 15 e 19 anos. O n\u00famero \u00e9 duas vezes maior do que a ocorr\u00eancia entre as de 20 a 29 anos em todas as regi\u00f5es. &#8220;Com conte\u00fado sobre sa\u00fade feminina e com o cuidado mais atento, essas meninas podem passar a pedir socorro m\u00e9dico e podem entender melhor o que est\u00e1 acontecendo, assim ampliando as chances de prote\u00e7\u00e3o. \u00c9 muito importante que tenham acesso a algo que traga esses alertas sobre corpo, amor-pr\u00f3prio e, principalmente, sa\u00fade como um todo&#8221;, explica a Dra. Anna Paola Noya Gatto, mastologista.<\/p>\n\n\n\n<p>Nos coment\u00e1rios dos v\u00eddeos de Dudda, \u00e9 comum observar que as jovens buscam por um local no qual possam desabafar, trocar informa\u00e7\u00f5es e se aceitar. \u201cMorria de vergonha do meu pai na hora de fazer as compras do m\u00eas, tinha que pedir para a minha m\u00e3e (para comprar absorvente). Depois fui me acostumando\u2026\u201d, comentou uma seguidora, que recebeu suporte de outras para normalizar a sua situa\u00e7\u00e3o.<\/p>\n\n\n\n<p>\u201cElas tiram d\u00favidas e conversam comigo. Estou sempre em contato com profissionais para que as respostas sejam corretas. Sempre indico tamb\u00e9m a ida ao m\u00e9dico, acima de tudo\u201d, explica Dudda, que planeja lan\u00e7ar novos v\u00eddeos com m\u00e9dicas, respondendo \u00e0s perguntas que recebe sobre sa\u00fade feminina. \u201cO que torna os v\u00eddeos dela distintos \u00e9 a abordagem c\u00f4mica, como se cada um fosse um curta-metragem, onde a influencer atua, roteiriza e cria todo o pr\u00f3prio conte\u00fado, sabendo conversar com os jovens\u201d, concretiza Eduardo Martin, seguidor.<\/p>\n\n\n\n<p>Temas variados sobre o universo adolescente fidelizam o p\u00fablico da influenciadora, e Dudda explica que n\u00e3o tinha no\u00e7\u00e3o do tamanho do pr\u00f3prio trabalho at\u00e9 come\u00e7ar a ser parada nas ruas com o p\u00fablico pedindo fotos. Agora, quer utilizar cada vez dessa grandiosidade para elevar a consci\u00eancia dos adolescentes sobre tem\u00e1ticas que s\u00e3o pouco comentadas por outros jovens na internet. \u201c\u00c9 uma sensa\u00e7\u00e3o muito gostosa e, com certeza, a melhor parte do meu trabalho. Saber que as minhas ideias malucas, que eu sempre guardei para mim e para minha fam\u00edlia, agora levam informa\u00e7\u00f5es para milh\u00f5es de pessoas, que realmente se interessam e gostam. \u00c9 gratificante demais\u201d, conclui.<\/p>\n\n\n\n<p>Al\u00e9m dos v\u00eddeos educativos, Maryah tamb\u00e9m aborda quest\u00f5es como bullying, estudos e outros temas, os quais geram identifica\u00e7\u00e3o com o p\u00fablico e deixam alertas sobre \u00e9tica e crescimento. \u201cAs tem\u00e1ticas variadas fazem com que os adolescentes estejam sempre curiosos, esperando pelo pr\u00f3ximo v\u00eddeo e sabendo que v\u00e3o poder rir, aprender e se identificar. O maior diferencial de Dudda \u00e9 saber falar de temas s\u00e9rios de uma forma leve e atrativa para eles\u201d, afirma Clara Brand\u00e3o, 29, psic\u00f3loga.<\/p>\n\n\n\n<p><strong>Instagram<\/strong>:\u00a0(@duddamaryah)<\/p>\n","protected":false},"excerpt":{"rendered":"<p>Produtora de conte\u00fado inova com postagens informativas que cativam jovens na faixa de 10 e 20 anos YouTube, Facebook e Instagram ainda s\u00e3o as redes mais acessadas pelos usu\u00e1rios brasileiros, com alcance de 96,4%, 85,1% e 81,4%, respectivamente. Estas porcentagens incluem mais de 131,5 milh\u00f5es de usu\u00e1rios ativos, sendo o Brasil o terceiro pa\u00eds que [&hellip;]<\/p>\n","protected":false},"author":1,"featured_media":2106,"comment_status":"open","ping_status":"open","sticky":false,"template":"","format":"standard","meta":{"footnotes":""},"categories":[138],"tags":[],"class_list":["post-2105","post","type-post","status-publish","format-standard","has-post-thumbnail","hentry","category-internet"],"_links":{"self":[{"href":"https:\/\/diarioparanaense.com\/index.php?rest_route=\/wp\/v2\/posts\/2105","targetHints":{"allow":["GET"]}}],"collection":[{"href":"https:\/\/diarioparanaense.com\/index.php?rest_route=\/wp\/v2\/posts"}],"about":[{"href":"https:\/\/diarioparanaense.com\/index.php?rest_route=\/wp\/v2\/types\/post"}],"author":[{"embeddable":true,"href":"https:\/\/diarioparanaense.com\/index.php?rest_route=\/wp\/v2\/users\/1"}],"replies":[{"embeddable":true,"href":"https:\/\/diarioparanaense.com\/index.php?rest_route=%2Fwp%2Fv2%2Fcomments&post=2105"}],"version-history":[{"count":1,"href":"https:\/\/diarioparanaense.com\/index.php?rest_route=\/wp\/v2\/posts\/2105\/revisions"}],"predecessor-version":[{"id":2107,"href":"https:\/\/diarioparanaense.com\/index.php?rest_route=\/wp\/v2\/posts\/2105\/revisions\/2107"}],"wp:featuredmedia":[{"embeddable":true,"href":"https:\/\/diarioparanaense.com\/index.php?rest_route=\/wp\/v2\/media\/2106"}],"wp:attachment":[{"href":"https:\/\/diarioparanaense.com\/index.php?rest_route=%2Fwp%2Fv2%2Fmedia&parent=2105"}],"wp:term":[{"taxonomy":"category","embeddable":true,"href":"https:\/\/diarioparanaense.com\/index.php?rest_route=%2Fwp%2Fv2%2Fcategories&post=2105"},{"taxonomy":"post_tag","embeddable":true,"href":"https:\/\/diarioparanaense.com\/index.php?rest_route=%2Fwp%2Fv2%2Ftags&post=2105"}],"curies":[{"name":"wp","href":"https:\/\/api.w.org\/{rel}","templated":true}]}}