{"id":2089,"date":"2024-02-02T13:20:55","date_gmt":"2024-02-02T16:20:55","guid":{"rendered":"https:\/\/diarioparanaense.com\/?p=2089"},"modified":"2024-02-02T13:20:56","modified_gmt":"2024-02-02T16:20:56","slug":"as-diferencas-nos-tornam-mais-fortes","status":"publish","type":"post","link":"https:\/\/diarioparanaense.com\/?p=2089","title":{"rendered":"As diferen\u00e7as nos tornam mais fortes"},"content":{"rendered":"\n<p class=\"has-medium-font-size\">Dia da internacional da fraternidade humana (04\/02)<\/p>\n\n\n\n<p>A constante mudan\u00e7a da sociedade tem nos mostrado o poder libertador da aceita\u00e7\u00e3o das diferen\u00e7as entre as pessoas. Desconstruindo aos poucos preconceitos e destravando potenciais antes inexplorados, no dia internacional da fraternidade humana demonstraremos eventos em Curitiba que promovem inclus\u00e3o e fraternidade.<\/p>\n\n\n\n<p>A empresa Broder (www.broder.app) auxilia outras empresas a se tornarem mais inclusivas e acess\u00edveis. Como na parceria com a Serra Verde Express, que opera o transporte de passageiros e turismo entre Curitiba e o litoral do Paran\u00e1, os guias de turismo e o pessoal administrativo passaram por v\u00e1rias capacita\u00e7\u00f5es colocando eles mesmos a m\u00e3o na massa, e no final de 2023 foi lan\u00e7ado o vag\u00e3o inclusivo, \u00fanico no Brasil, desenhado especialmente para atender pessoas com defici\u00eancia, neuro diversas e com baixa mobilidade.<\/p>\n\n\n\n<p>Al\u00e9m disso, eles tamb\u00e9m promoveram, junto com a Associa\u00e7\u00e3o Al\u00e9m da Vis\u00e3o, no fim do ano passado, a terceira Pedalada Natalina no Parque N\u00e1utico. Pessoas com ou sem dificuldades visuais puderam participar juntas, demonstrando a uni\u00e3o e a fraternidade. Cada pessoa percebe o mundo de forma diferente e a partilha destes pontos de vista enriquecem nossa cultura, economia e arquitetura.<\/p>\n\n\n\n<p>Contudo, alcan\u00e7ar esse n\u00edvel de harmonia n\u00e3o \u00e9 tarefa f\u00e1cil. &#8220;\u00c9 necess\u00e1rio um di\u00e1logo aberto, empatia e vontade coletiva de superar preconceitos arraigados. \u00c9 um convite \u00e0 desconstru\u00e7\u00e3o de barreiras, \u00e0 valoriza\u00e7\u00e3o da individualidade e \u00e0 constru\u00e7\u00e3o de pontes que unam, em vez de muros que separem.&#8221; Diz Eduardo Ramires CEO da Broder.<\/p>\n\n\n\n<p>Cada passo em dire\u00e7\u00e3o \u00e0 aceita\u00e7\u00e3o e respeito m\u00fatuo \u00e9 um investimento no futuro. \u00c9 o reconhecimento de que somos uma tape\u00e7aria de diferentes cores, fios e texturas, que juntos tecem a hist\u00f3ria da humanidade.<\/p>\n\n\n\n<p>Portanto, a jornada rumo a uma comunidade mais unida e inclusiva come\u00e7a com cada um de n\u00f3s. Ao abra\u00e7ar a diversidade, estamos contribuindo para um mundo onde a fraternidade humana \u00e9 mais do que um ideal, \u00e9 a realidade que sustenta uma sociedade verdadeiramente pr\u00f3spera e compassiva.<\/p>\n\n\n\n<p><strong>Servi\u00e7o<\/strong>: Broder<br><strong>Eduardo Ramires<br><\/strong>Voc\u00ea e seus familiares sempre amparados<br>Chame um broder: (41) 99773-1510<br>contato@broder.app<br><strong>Instagram<\/strong>: @broderapp<br><strong>Site<\/strong>: <a href=\"https:\/\/broder.app\" target=\"_blank\" rel=\"noreferrer noopener\">https:\/\/broder.app<\/a><\/p>\n","protected":false},"excerpt":{"rendered":"<p>Dia da internacional da fraternidade humana (04\/02) A constante mudan\u00e7a da sociedade tem nos mostrado o poder libertador da aceita\u00e7\u00e3o das diferen\u00e7as entre as pessoas. Desconstruindo aos poucos preconceitos e destravando potenciais antes inexplorados, no dia internacional da fraternidade humana demonstraremos eventos em Curitiba que promovem inclus\u00e3o e fraternidade. A empresa Broder (www.broder.app) auxilia outras [&hellip;]<\/p>\n","protected":false},"author":1,"featured_media":2090,"comment_status":"open","ping_status":"open","sticky":false,"template":"","format":"standard","meta":{"footnotes":""},"categories":[29],"tags":[],"class_list":["post-2089","post","type-post","status-publish","format-standard","has-post-thumbnail","hentry","category-artigos"],"_links":{"self":[{"href":"https:\/\/diarioparanaense.com\/index.php?rest_route=\/wp\/v2\/posts\/2089","targetHints":{"allow":["GET"]}}],"collection":[{"href":"https:\/\/diarioparanaense.com\/index.php?rest_route=\/wp\/v2\/posts"}],"about":[{"href":"https:\/\/diarioparanaense.com\/index.php?rest_route=\/wp\/v2\/types\/post"}],"author":[{"embeddable":true,"href":"https:\/\/diarioparanaense.com\/index.php?rest_route=\/wp\/v2\/users\/1"}],"replies":[{"embeddable":true,"href":"https:\/\/diarioparanaense.com\/index.php?rest_route=%2Fwp%2Fv2%2Fcomments&post=2089"}],"version-history":[{"count":1,"href":"https:\/\/diarioparanaense.com\/index.php?rest_route=\/wp\/v2\/posts\/2089\/revisions"}],"predecessor-version":[{"id":2091,"href":"https:\/\/diarioparanaense.com\/index.php?rest_route=\/wp\/v2\/posts\/2089\/revisions\/2091"}],"wp:featuredmedia":[{"embeddable":true,"href":"https:\/\/diarioparanaense.com\/index.php?rest_route=\/wp\/v2\/media\/2090"}],"wp:attachment":[{"href":"https:\/\/diarioparanaense.com\/index.php?rest_route=%2Fwp%2Fv2%2Fmedia&parent=2089"}],"wp:term":[{"taxonomy":"category","embeddable":true,"href":"https:\/\/diarioparanaense.com\/index.php?rest_route=%2Fwp%2Fv2%2Fcategories&post=2089"},{"taxonomy":"post_tag","embeddable":true,"href":"https:\/\/diarioparanaense.com\/index.php?rest_route=%2Fwp%2Fv2%2Ftags&post=2089"}],"curies":[{"name":"wp","href":"https:\/\/api.w.org\/{rel}","templated":true}]}}