{"id":2080,"date":"2024-01-31T11:32:12","date_gmt":"2024-01-31T14:32:12","guid":{"rendered":"https:\/\/diarioparanaense.com\/?p=2080"},"modified":"2024-01-31T11:32:12","modified_gmt":"2024-01-31T14:32:12","slug":"volta-as-aulas-com-a-vem-produtos-que-facilitam-a-organizacao-e-a-melhor-alimentacao","status":"publish","type":"post","link":"https:\/\/diarioparanaense.com\/?p=2080","title":{"rendered":"Volta \u00e0s aulas com a VEM: produtos que facilitam a organiza\u00e7\u00e3o e a melhor alimenta\u00e7\u00e3o"},"content":{"rendered":"\n<p class=\"has-medium-font-size\"><em>\u201cOrganize com estilo, aprenda com alegria!\u201d \u00e9 o foco da campanha, que traz as Linhas Organize e Alegria como aliadas ao retorno \u00e0s aulas<\/em><\/p>\n\n\n\n<p>A volta \u00e0s aulas requer bastante organiza\u00e7\u00e3o com pouco investimento, mas&nbsp;&nbsp;&nbsp;&nbsp; &nbsp;sem deixar de lado a alegria de iniciar um novo ano letivo. Pensando nesse cen\u00e1rio, a VEM disponibiliza op\u00e7\u00f5es de produtos indispens\u00e1veis no dia a dia da garotada: a <strong>Linha Organize<\/strong>, que facilita a organiza\u00e7\u00e3o do lanche e de pequenos itens, e a <strong>Linha Alegria<\/strong>, que atrai a aten\u00e7\u00e3o das crian\u00e7as com produtos coloridos.&nbsp;&nbsp;&nbsp;&nbsp;<\/p>\n\n\n\n<p>Com potes resistentes aos impactos e \u00e0s temperaturas, a <strong>Linha Organize<\/strong> possui utens\u00edlios compactos, que podem ser utilizados do freezer ao micro-ondas, al\u00e9m de design inteligente, que permite o empilhamento ideal para economizar espa\u00e7o.\u00a0<\/p>\n\n\n\n<p>Para incentivar a alimenta\u00e7\u00e3o das crian\u00e7as, os produtos possuem cores vibrantes, que atraem os olhos, al\u00e9m de serem livres de BPA e Ftalato (subst\u00e2ncias cancer\u00edgenas). Os produtos s\u00e3o aprovados para armazenar o lanche e organizar pequenos itens que se perdem na mochila, como clipes e post-its, por exemplo.&nbsp;<\/p>\n\n\n\n<p>Criada para chamar a aten\u00e7\u00e3o das crian\u00e7as na hora do lanche, a <strong>Linha Alegria<\/strong> re\u00fane itens coloridos, com tons vibrantes para chamar a aten\u00e7\u00e3o, al\u00e9m de oferecer uma solu\u00e7\u00e3o segura, uma vez que os produtos n\u00e3o quebram na boca das crian\u00e7as. Al\u00e9m da estrutura refor\u00e7ada, os itens permitem o empilhamento, economizando espa\u00e7o. \u00a0<\/p>\n\n\n\n<p>Os kits tamb\u00e9m s\u00e3o livres de BPA e Ftalato, fatores que garantem mais prote\u00e7\u00e3o \u00e0 sa\u00fade. J\u00e1 a embalagem possui figuras de alimentos que podem ser recortadas e usadas como jogos e brincadeiras, estimulando o aprendizado. Os produtos t\u00eam formatos anat\u00f4micos para m\u00e3ozinhas pequenas, sem cantos vivos \u2014 que acumulam bact\u00e9rias \u2014 e sem pontas que possam machucar, al\u00e9m de n\u00e3o dar cheiro.<\/p>\n\n\n\n<p>Todos os produtos da <a href=\"https:\/\/www.mundovem.com.br\/\">VEM<\/a> t\u00eam a certifica\u00e7\u00e3o da Falc\u00e3o Bauer, al\u00e9m de estarem em conformidade com a FDA e a Anvisa, atestando que os itens n\u00e3o contaminam os alimentos, garantindo mais seguran\u00e7a e qualidade de vida para o consumidor.<\/p>\n\n\n\n<p>Entre os diferenciais da VEM est\u00e1 a produ\u00e7\u00e3o de utens\u00edlios vers\u00e1teis, que podem ser usados de formas diferentes, em todas as ocasi\u00f5es. Al\u00e9m disso, os produtos s\u00e3o empilh\u00e1veis, resistentes a quedas, n\u00e3o trincam, n\u00e3o lascam e n\u00e3o estilha\u00e7am, garantindo um \u00f3timo custo x benef\u00edcio para o consumidor, principalmente quanto \u00e0 reposi\u00e7\u00e3o de algum item.<\/p>\n\n\n\n<p><strong>A empresa VEM<\/strong><\/p>\n\n\n\n<p>Fundada em 2009, a empresa 100% brasileira conta com mais de 2 mil itens de silicone, polisulfona, tritan, policarbonato e polipropileno desenvolvidos para serem solu\u00e7\u00f5es de economia para neg\u00f3cios Horeca (como bares, hot\u00e9is, restaurantes, buffet, caf\u00e9s, padarias, confeitarias, lanchonetes, hospitais, sorveterias e a\u00e7aiterias), al\u00e9m do consumidor final.<\/p>\n\n\n\n<p>A VEM tamb\u00e9m est\u00e1 presente no Chile, Paraguai e Uruguai com embarques regulares de produtos das linhas para HoReCa (BHR). O pr\u00f3ximo passo, a m\u00e9dio e longo prazos, s\u00e3o os mercados-alvo mais maduros dos Estados Unidos e Europa.<\/p>\n\n\n\n<p>Mais informa\u00e7\u00f5es no site da <a href=\"http:\/\/www.mundovem.com.br\/\">VEM<\/a>.<\/p>\n","protected":false},"excerpt":{"rendered":"<p>\u201cOrganize com estilo, aprenda com alegria!\u201d \u00e9 o foco da campanha, que traz as Linhas Organize e Alegria como aliadas ao retorno \u00e0s aulas A volta \u00e0s aulas requer bastante organiza\u00e7\u00e3o com pouco investimento, mas&nbsp;&nbsp;&nbsp;&nbsp; &nbsp;sem deixar de lado a alegria de iniciar um novo ano letivo. Pensando nesse cen\u00e1rio, a VEM disponibiliza op\u00e7\u00f5es de [&hellip;]<\/p>\n","protected":false},"author":1,"featured_media":2081,"comment_status":"open","ping_status":"open","sticky":false,"template":"","format":"standard","meta":{"footnotes":""},"categories":[148],"tags":[],"class_list":["post-2080","post","type-post","status-publish","format-standard","has-post-thumbnail","hentry","category-educacao"],"_links":{"self":[{"href":"https:\/\/diarioparanaense.com\/index.php?rest_route=\/wp\/v2\/posts\/2080","targetHints":{"allow":["GET"]}}],"collection":[{"href":"https:\/\/diarioparanaense.com\/index.php?rest_route=\/wp\/v2\/posts"}],"about":[{"href":"https:\/\/diarioparanaense.com\/index.php?rest_route=\/wp\/v2\/types\/post"}],"author":[{"embeddable":true,"href":"https:\/\/diarioparanaense.com\/index.php?rest_route=\/wp\/v2\/users\/1"}],"replies":[{"embeddable":true,"href":"https:\/\/diarioparanaense.com\/index.php?rest_route=%2Fwp%2Fv2%2Fcomments&post=2080"}],"version-history":[{"count":1,"href":"https:\/\/diarioparanaense.com\/index.php?rest_route=\/wp\/v2\/posts\/2080\/revisions"}],"predecessor-version":[{"id":2082,"href":"https:\/\/diarioparanaense.com\/index.php?rest_route=\/wp\/v2\/posts\/2080\/revisions\/2082"}],"wp:featuredmedia":[{"embeddable":true,"href":"https:\/\/diarioparanaense.com\/index.php?rest_route=\/wp\/v2\/media\/2081"}],"wp:attachment":[{"href":"https:\/\/diarioparanaense.com\/index.php?rest_route=%2Fwp%2Fv2%2Fmedia&parent=2080"}],"wp:term":[{"taxonomy":"category","embeddable":true,"href":"https:\/\/diarioparanaense.com\/index.php?rest_route=%2Fwp%2Fv2%2Fcategories&post=2080"},{"taxonomy":"post_tag","embeddable":true,"href":"https:\/\/diarioparanaense.com\/index.php?rest_route=%2Fwp%2Fv2%2Ftags&post=2080"}],"curies":[{"name":"wp","href":"https:\/\/api.w.org\/{rel}","templated":true}]}}