{"id":2073,"date":"2024-01-30T17:42:28","date_gmt":"2024-01-30T20:42:28","guid":{"rendered":"https:\/\/diarioparanaense.com\/?p=2073"},"modified":"2024-01-30T17:42:28","modified_gmt":"2024-01-30T20:42:28","slug":"numeros-otimistas-projetam-2024-como-o-ano-das-motocicletas","status":"publish","type":"post","link":"https:\/\/diarioparanaense.com\/?p=2073","title":{"rendered":"N\u00fameros otimistas projetam 2024 como o ano das motocicletas"},"content":{"rendered":"\n<p class=\"has-medium-font-size\">Setor anuncia crescimento de produ\u00e7\u00e3o e nas vendas a \u00edndices que n\u00e3o se viam h\u00e1 mais de uma d\u00e9cada<\/p>\n\n\n\n<p>O ano de 2024 promete ser o da mobilidade em duas rodas. As previs\u00f5es da ind\u00fastria e do mercado de motocicletas desenham um cen\u00e1rio favor\u00e1vel, que n\u00e3o se via desde o in\u00edcio da d\u00e9cada passada. A Abraciclo, a associa\u00e7\u00e3o dos fabricantes de motos no Brasil, estima um volume de produ\u00e7\u00e3o pr\u00f3ximo a 1,7 milh\u00e3o de unidades, um aumento de 7,4% em rela\u00e7\u00e3o a 2023. Por sua vez, a Fenabrave, que re\u00fane os concession\u00e1rios, projeta a comercializa\u00e7\u00e3o de 1,83 milh\u00e3o de motos zero-quil\u00f4metro at\u00e9 dezembro, um acr\u00e9scimo de 16% na compara\u00e7\u00e3o com o ano anterior.<\/p>\n\n\n\n<p>Esses n\u00fameros mostram um desempenho semelhante ao praticado em 2012, antes da crise que derrubou as vendas. \u201cNossa meta \u00e9 seguir crescendo de forma sustent\u00e1vel e retornar ao patamar de produ\u00e7\u00e3o de dois milh\u00f5es de unidades nos pr\u00f3ximos anos\u201d, observa Marcos Bento, presidente da Abraciclo.<\/p>\n\n\n\n<p>O segmento de motos j\u00e1 havia experimentado um crescimento significativo no n\u00famero de emplacamentos em 2023, o que fez dele o de maior relev\u00e2ncia em vendas do setor automotivo brasileiro no per\u00edodo. O incremento atingiu 16,1% em compara\u00e7\u00e3o com 2022, conforme dados da Fenabrave.<\/p>\n\n\n\n<p>&#8220;A motocicleta continua sendo um meio de transporte \u00e1gil, flex\u00edvel e, sobretudo, com baixa ocupa\u00e7\u00e3o de espa\u00e7o vi\u00e1rio, facilitando o estacionamento e a locomo\u00e7\u00e3o\u201d, diz Bento, como justificativa \u00e0 retomada do modal como um dos meios de transporte preferidos da popula\u00e7\u00e3o.<\/p>\n\n\n\n<p class=\"has-medium-font-size\">Maior concess\u00e3o de cr\u00e9dito e queda na inadimpl\u00eancia<\/p>\n\n\n\n<p>De acordo com o diretor de Opera\u00e7\u00f5es da concession\u00e1ria Honda Blokton, Rudney Doscher, as previs\u00f5es de aumento nas vendas de motos tamb\u00e9m encontram respaldo nos cen\u00e1rios macroecon\u00f4micos do Brasil, considerando fatores como as expectativas de crescimento do Produto Interno Bruto (PIB), redu\u00e7\u00e3o no \u00edndice da infla\u00e7\u00e3o, queda gradual na inadimpl\u00eancia e confian\u00e7a do consumidor.<\/p>\n\n\n\n<p>\u201cA diminui\u00e7\u00e3o gradual da inadimpl\u00eancia deve reduzir a inseguran\u00e7a dos bancos na oferta de cr\u00e9dito. Isso d\u00e1 condi\u00e7\u00f5es para o consumidor ter mais alternativas para adquirir o seu bem de consumo\u201d, ressalta.<\/p>\n\n\n\n<p>Outro componente desta equa\u00e7\u00e3o \u00e9 a diminui\u00e7\u00e3o no n\u00edvel de desemprego no pa\u00eds, que fechou na casa dos 7% em 2023. Doscher explica que esse panorama resulta no aumento da renda do brasileiro e, consequentemente, do n\u00famero de clientes com capacidade para adquirir motocicletas por meio de financiamento ou de cotas de cons\u00f3rcio.<\/p>\n\n\n\n<p class=\"has-medium-font-size\">F\u00e1bricas voltam ao ritmo normal<\/p>\n\n\n\n<p>Um condicionante que vinha afetando as vendas nos \u00faltimos meses e que caminha para a normaliza\u00e7\u00e3o \u00e9 a produ\u00e7\u00e3o nas f\u00e1bricas de motos em Manaus (AM). No fim do ano passado, houve dificuldades no recebimento de pe\u00e7as e escoamento da produ\u00e7\u00e3o devido \u00e0 forte seca, o que prejudicou a navega\u00e7\u00e3o de navios cargueiros pelo rio Amazonas e afluentes.<\/p>\n\n\n\n<p>\u201cA Honda j\u00e1 informou sobre um aumento na produ\u00e7\u00e3o. A Blokton, por consequ\u00eancia, teve tamb\u00e9m um crescimento nas vendas de t\u00edtulos de cons\u00f3rcio em 2023. E, quando voc\u00ea tem um aproveitamento melhor na contempla\u00e7\u00e3o e disponibilidade de produtos, automaticamente aumenta o n\u00famero de vendas\u201d, afirma o diretor.<\/p>\n\n\n\n<p>Al\u00e9m de todos os aspectos refor\u00e7arem o otimismo do setor de duas rodas, alguns lan\u00e7amentos importantes no mercado devem aquecer a demanda pelo consumidor. Diversas marcas planejam atualizar seus portf\u00f3lios para atender \u00e0s novas regulamenta\u00e7\u00f5es sobre emiss\u00f5es de gases poluentes, que entrar\u00e3o em vigor em 2025.<\/p>\n\n\n\n<p>A Honda, l\u00edder do mercado com 72,5% dos emplacamentos no Brasil, j\u00e1 anunciou 10 novidades at\u00e9 dezembro, incluindo as novas Sahara 300 e Hornet CB 750, al\u00e9m de atualiza\u00e7\u00f5es dos modelos CG 160, Bros, Pop e Biz, que est\u00e3o entre os mais vendidos no pa\u00eds.<\/p>\n\n\n\n<p>Paran\u00e1 prev\u00ea crescimento de 10% nas vendas em 2024<\/p>\n\n\n\n<p>O desempenho do mercado no Paran\u00e1 ficou aqu\u00e9m do cen\u00e1rio nacional, registrando um crescimento inferior em 2023. O aumento foi de apenas 5% em compara\u00e7\u00e3o a 2022, totalizando 57.549 unidades vendidas de janeiro a dezembro.<\/p>\n\n\n\n<p>Por outro lado, a Blokton teve uma alta superior \u00e0 m\u00e9dia do estado, mais pr\u00f3ximo da realidade nacional. A concession\u00e1ria encerrou o ano passado com um salto de 13,4% nas vendas de modelos zero-quil\u00f4metro no comparativo a 2022. Doscher mostra-se confiante de que, devido aos diversos fatores previstos para o setor duas rodas, o crescimento total das vendas em 2024&nbsp;chegue&nbsp;a&nbsp;10%.<\/p>\n","protected":false},"excerpt":{"rendered":"<p>Setor anuncia crescimento de produ\u00e7\u00e3o e nas vendas a \u00edndices que n\u00e3o se viam h\u00e1 mais de uma d\u00e9cada O ano de 2024 promete ser o da mobilidade em duas rodas. As previs\u00f5es da ind\u00fastria e do mercado de motocicletas desenham um cen\u00e1rio favor\u00e1vel, que n\u00e3o se via desde o in\u00edcio da d\u00e9cada passada. A [&hellip;]<\/p>\n","protected":false},"author":1,"featured_media":2074,"comment_status":"open","ping_status":"open","sticky":false,"template":"","format":"standard","meta":{"footnotes":""},"categories":[38,324],"tags":[],"class_list":["post-2073","post","type-post","status-publish","format-standard","has-post-thumbnail","hentry","category-auto","category-negocios"],"_links":{"self":[{"href":"https:\/\/diarioparanaense.com\/index.php?rest_route=\/wp\/v2\/posts\/2073","targetHints":{"allow":["GET"]}}],"collection":[{"href":"https:\/\/diarioparanaense.com\/index.php?rest_route=\/wp\/v2\/posts"}],"about":[{"href":"https:\/\/diarioparanaense.com\/index.php?rest_route=\/wp\/v2\/types\/post"}],"author":[{"embeddable":true,"href":"https:\/\/diarioparanaense.com\/index.php?rest_route=\/wp\/v2\/users\/1"}],"replies":[{"embeddable":true,"href":"https:\/\/diarioparanaense.com\/index.php?rest_route=%2Fwp%2Fv2%2Fcomments&post=2073"}],"version-history":[{"count":1,"href":"https:\/\/diarioparanaense.com\/index.php?rest_route=\/wp\/v2\/posts\/2073\/revisions"}],"predecessor-version":[{"id":2075,"href":"https:\/\/diarioparanaense.com\/index.php?rest_route=\/wp\/v2\/posts\/2073\/revisions\/2075"}],"wp:featuredmedia":[{"embeddable":true,"href":"https:\/\/diarioparanaense.com\/index.php?rest_route=\/wp\/v2\/media\/2074"}],"wp:attachment":[{"href":"https:\/\/diarioparanaense.com\/index.php?rest_route=%2Fwp%2Fv2%2Fmedia&parent=2073"}],"wp:term":[{"taxonomy":"category","embeddable":true,"href":"https:\/\/diarioparanaense.com\/index.php?rest_route=%2Fwp%2Fv2%2Fcategories&post=2073"},{"taxonomy":"post_tag","embeddable":true,"href":"https:\/\/diarioparanaense.com\/index.php?rest_route=%2Fwp%2Fv2%2Ftags&post=2073"}],"curies":[{"name":"wp","href":"https:\/\/api.w.org\/{rel}","templated":true}]}}