{"id":2055,"date":"2024-01-30T16:06:56","date_gmt":"2024-01-30T19:06:56","guid":{"rendered":"https:\/\/diarioparanaense.com\/?p=2055"},"modified":"2024-01-30T16:06:57","modified_gmt":"2024-01-30T19:06:57","slug":"podcast-da-apolar-imoveis-estreia-com-franqueados-compartilhando-insights-do-mercado-imobiliario","status":"publish","type":"post","link":"https:\/\/diarioparanaense.com\/?p=2055","title":{"rendered":"Podcast da Apolar Im\u00f3veis estreia com franqueados compartilhando insights do Mercado Imobili\u00e1rio"},"content":{"rendered":"\n<p class=\"has-medium-font-size\">Franqueados da Apolar Im\u00f3veis oferecem an\u00e1lises aprofundadas e perspectivas sobre o cen\u00e1rio imobili\u00e1rio em novo podcast<\/p>\n\n\n\n<p>A Rede Imobili\u00e1ria Apolar Im\u00f3veis lan\u00e7ou seu novo podcast em 2024 com o objetivo de proporcionar uma an\u00e1lise aprofundada do setor. No epis\u00f3dio inaugural, os franqueados Rafael Galiano, Josu\u00e9 Dias e Daniel Santos realizaram uma retrospectiva do ano imobili\u00e1rio de 2023, compartilhando experi\u00eancias significativas com as franquias e destacando suas expectativas para 2024.<\/p>\n\n\n\n<p>Outro ponto importante destacado pelos especialistas \u00e9 que logo no in\u00edcio do ano j\u00e1 sentiram um aumento no movimento na procura por im\u00f3veis, com um volume maior de visitas e proposta por parte dos interessados. Al\u00e9m disso, Daniel Santos fez uma an\u00e1lise sobre o comportamento do consumidor no in\u00edcio do ano, que costuma ser o momento que o comprador faz uma retrospectiva do ano que passou e tende a colocar novas metas.<\/p>\n\n\n\n<p>A abordagem informativa do podcast promete oferecer aos ouvintes uma compreens\u00e3o das nuances do mercado, com os epis\u00f3dios sendo disponibilizados semanalmente no canal da Apolar Im\u00f3veis&nbsp;no&nbsp;YouTube.<\/p>\n","protected":false},"excerpt":{"rendered":"<p>Franqueados da Apolar Im\u00f3veis oferecem an\u00e1lises aprofundadas e perspectivas sobre o cen\u00e1rio imobili\u00e1rio em novo podcast A Rede Imobili\u00e1ria Apolar Im\u00f3veis lan\u00e7ou seu novo podcast em 2024 com o objetivo de proporcionar uma an\u00e1lise aprofundada do setor. No epis\u00f3dio inaugural, os franqueados Rafael Galiano, Josu\u00e9 Dias e Daniel Santos realizaram uma retrospectiva do ano imobili\u00e1rio [&hellip;]<\/p>\n","protected":false},"author":1,"featured_media":2056,"comment_status":"open","ping_status":"open","sticky":false,"template":"","format":"standard","meta":{"footnotes":""},"categories":[324],"tags":[],"class_list":["post-2055","post","type-post","status-publish","format-standard","has-post-thumbnail","hentry","category-negocios"],"_links":{"self":[{"href":"https:\/\/diarioparanaense.com\/index.php?rest_route=\/wp\/v2\/posts\/2055","targetHints":{"allow":["GET"]}}],"collection":[{"href":"https:\/\/diarioparanaense.com\/index.php?rest_route=\/wp\/v2\/posts"}],"about":[{"href":"https:\/\/diarioparanaense.com\/index.php?rest_route=\/wp\/v2\/types\/post"}],"author":[{"embeddable":true,"href":"https:\/\/diarioparanaense.com\/index.php?rest_route=\/wp\/v2\/users\/1"}],"replies":[{"embeddable":true,"href":"https:\/\/diarioparanaense.com\/index.php?rest_route=%2Fwp%2Fv2%2Fcomments&post=2055"}],"version-history":[{"count":1,"href":"https:\/\/diarioparanaense.com\/index.php?rest_route=\/wp\/v2\/posts\/2055\/revisions"}],"predecessor-version":[{"id":2057,"href":"https:\/\/diarioparanaense.com\/index.php?rest_route=\/wp\/v2\/posts\/2055\/revisions\/2057"}],"wp:featuredmedia":[{"embeddable":true,"href":"https:\/\/diarioparanaense.com\/index.php?rest_route=\/wp\/v2\/media\/2056"}],"wp:attachment":[{"href":"https:\/\/diarioparanaense.com\/index.php?rest_route=%2Fwp%2Fv2%2Fmedia&parent=2055"}],"wp:term":[{"taxonomy":"category","embeddable":true,"href":"https:\/\/diarioparanaense.com\/index.php?rest_route=%2Fwp%2Fv2%2Fcategories&post=2055"},{"taxonomy":"post_tag","embeddable":true,"href":"https:\/\/diarioparanaense.com\/index.php?rest_route=%2Fwp%2Fv2%2Ftags&post=2055"}],"curies":[{"name":"wp","href":"https:\/\/api.w.org\/{rel}","templated":true}]}}