{"id":2045,"date":"2024-01-30T16:04:02","date_gmt":"2024-01-30T19:04:02","guid":{"rendered":"https:\/\/diarioparanaense.com\/?p=2045"},"modified":"2024-01-30T16:04:03","modified_gmt":"2024-01-30T19:04:03","slug":"andando-pelas-paginas-de-curitiba","status":"publish","type":"post","link":"https:\/\/diarioparanaense.com\/?p=2045","title":{"rendered":"Andando pelas p\u00e1ginas de Curitiba"},"content":{"rendered":"\n<p class=\"has-medium-font-size\">Como a literatura pode se unir ao turismo criando uma mem\u00f3ria \u00fanica e inesquec\u00edvel<\/p>\n\n\n\n<p>Curitiba, conhecida por sua arquitetura \u00fanica e atra\u00e7\u00f5es culturais, est\u00e1 dando um novo significado \u00e0 experi\u00eancia tur\u00edstica ao integrar a leitura como parte fundamental de sua oferta. Com uma variedade de iniciativas, a cidade busca proporcionar aos visitantes e moradores uma imers\u00e3o ainda mais profunda na cultura local atrav\u00e9s da literatura.<\/p>\n\n\n\n<p>A cidade tem incentivado a realiza\u00e7\u00e3o de eventos liter\u00e1rios em locais tur\u00edsticos, como feiras de livros em pra\u00e7as p\u00fablicas e palestras com autores nacionais. Essas atividades n\u00e3o s\u00f3 enriquecem a experi\u00eancia dos turistas, mas tamb\u00e9m promovem o interc\u00e2mbio cultural e o contato direto com a produ\u00e7\u00e3o liter\u00e1ria local.<\/p>\n\n\n\n<p>A empresa Broder \u00e9 uma das respons\u00e1veis por integralizar a leitura no turismo Curitibano, podendo auxiliar na cria\u00e7\u00e3o de livros em braile para maior acessibilidade ou a contrata\u00e7\u00e3o de um Broder para descrever o livro e comparar com seus arredores fazendo uma visita guiada e imersiva.<\/p>\n\n\n\n<p>Um dos pontos centrais dessa integra\u00e7\u00e3o \u00e9 a cria\u00e7\u00e3o de espa\u00e7os de leitura em locais tur\u00edsticos proeminentes, como parques, museus e centros culturais. Mesmo que durante uma viagem voc\u00ea possivelmente n\u00e3o v\u00e1 querer parar pra ler um livro, com tantos pontos tur\u00edsticos, a produ\u00e7\u00e3o de livros mais curtos sobre o local onde voc\u00ea est\u00e1, trariam uma nova experi\u00eancia a ser revivida anos depois de deixar o local, trazendo o livro como uma mem\u00f3ria s\u00f3lida que caminha junto ao leitor.<\/p>\n\n\n\n<p>Outra estrat\u00e9gia interessante \u00e9 a cria\u00e7\u00e3o de rotas tur\u00edsticas baseadas em obras liter\u00e1rias, que tenham Curitiba como cen\u00e1rio. Um exemplo \u00e9 &#8220;Era o Vento&#8221; de Carlos Machado, que j\u00e1 retrata um passeio silencioso pela cidade, dando a oportunidade de explorar seguindo os passos de personagens, o que proporciona uma maneira \u00fanica e imersiva de conhecer os pontos tur\u00edsticos locais.<\/p>\n\n\n\n<p>Por fim, a integra\u00e7\u00e3o da leitura ao turismo em Curitiba n\u00e3o apenas enriquece a experi\u00eancia dos visitantes, mas tamb\u00e9m fortalece o apoio \u00e0 cultura local e ao h\u00e1bito da leitura. Essa iniciativa inovadora destaca a cidade como um destino tur\u00edstico que valoriza n\u00e3o apenas suas atra\u00e7\u00f5es visuais, mas tamb\u00e9m a riqueza de sua heran\u00e7a liter\u00e1ria.<\/p>\n\n\n\n<p><strong>Servi\u00e7o<\/strong>: Broder<br><strong>Eduardo Ramires<br><\/strong>Voc\u00ea e seus familiares sempre amparados<br>Chame um broder: (41) 99773-1510<br>contato@broder.app<br><strong>Instagram<\/strong>: @broderapp<br><strong>Site<\/strong>: <a href=\"https:\/\/broder.app\" target=\"_blank\" rel=\"noreferrer noopener\">https:\/\/broder.app<\/a><\/p>\n","protected":false},"excerpt":{"rendered":"<p>Como a literatura pode se unir ao turismo criando uma mem\u00f3ria \u00fanica e inesquec\u00edvel Curitiba, conhecida por sua arquitetura \u00fanica e atra\u00e7\u00f5es culturais, est\u00e1 dando um novo significado \u00e0 experi\u00eancia tur\u00edstica ao integrar a leitura como parte fundamental de sua oferta. Com uma variedade de iniciativas, a cidade busca proporcionar aos visitantes e moradores uma [&hellip;]<\/p>\n","protected":false},"author":1,"featured_media":2051,"comment_status":"open","ping_status":"open","sticky":false,"template":"","format":"standard","meta":{"footnotes":""},"categories":[424],"tags":[],"class_list":["post-2045","post","type-post","status-publish","format-standard","has-post-thumbnail","hentry","category-curitiba"],"_links":{"self":[{"href":"https:\/\/diarioparanaense.com\/index.php?rest_route=\/wp\/v2\/posts\/2045","targetHints":{"allow":["GET"]}}],"collection":[{"href":"https:\/\/diarioparanaense.com\/index.php?rest_route=\/wp\/v2\/posts"}],"about":[{"href":"https:\/\/diarioparanaense.com\/index.php?rest_route=\/wp\/v2\/types\/post"}],"author":[{"embeddable":true,"href":"https:\/\/diarioparanaense.com\/index.php?rest_route=\/wp\/v2\/users\/1"}],"replies":[{"embeddable":true,"href":"https:\/\/diarioparanaense.com\/index.php?rest_route=%2Fwp%2Fv2%2Fcomments&post=2045"}],"version-history":[{"count":1,"href":"https:\/\/diarioparanaense.com\/index.php?rest_route=\/wp\/v2\/posts\/2045\/revisions"}],"predecessor-version":[{"id":2052,"href":"https:\/\/diarioparanaense.com\/index.php?rest_route=\/wp\/v2\/posts\/2045\/revisions\/2052"}],"wp:featuredmedia":[{"embeddable":true,"href":"https:\/\/diarioparanaense.com\/index.php?rest_route=\/wp\/v2\/media\/2051"}],"wp:attachment":[{"href":"https:\/\/diarioparanaense.com\/index.php?rest_route=%2Fwp%2Fv2%2Fmedia&parent=2045"}],"wp:term":[{"taxonomy":"category","embeddable":true,"href":"https:\/\/diarioparanaense.com\/index.php?rest_route=%2Fwp%2Fv2%2Fcategories&post=2045"},{"taxonomy":"post_tag","embeddable":true,"href":"https:\/\/diarioparanaense.com\/index.php?rest_route=%2Fwp%2Fv2%2Ftags&post=2045"}],"curies":[{"name":"wp","href":"https:\/\/api.w.org\/{rel}","templated":true}]}}