{"id":2024,"date":"2024-01-25T14:56:04","date_gmt":"2024-01-25T17:56:04","guid":{"rendered":"https:\/\/diarioparanaense.com\/?p=2024"},"modified":"2024-01-25T14:56:05","modified_gmt":"2024-01-25T17:56:05","slug":"clube-curitibano-promove-baile-de-carnaval","status":"publish","type":"post","link":"https:\/\/diarioparanaense.com\/?p=2024","title":{"rendered":"Clube Curitibano promove baile de carnaval"},"content":{"rendered":"\n<p>Pela primeira vez, o Clube Curitibano realizar\u00e1 o \u2018Grito de Carnaval\u2019, uma noite inteira marcada por marchinhas e folias. O evento \u00e9 voltado para o p\u00fablico adulto e acontecer\u00e1 no dia 3 de fevereiro, no Sal\u00e3o Rubens Arles Bettega, na Sede Bar\u00e3o do Serro Azul.<\/p>\n\n\n\n<p>Na programa\u00e7\u00e3o, o DJ Ricardo Monteiro, o Mini Bloco &#8216;Garibaldis e Sacis&#8217; com marchinhas e batuques cl\u00e1ssicos e a Banda Sem Limite. A anima\u00e7\u00e3o ser\u00e1 das 20h \u00e0s 03h.<\/p>\n\n\n\n<p>\u201c\u00c9 uma das maiores festividades do Brasil. O Clube preparou um espa\u00e7o onde todos v\u00e3o poder se divertir com as atra\u00e7\u00f5es escolhidas. Estamos felizes em realizar a primeira edi\u00e7\u00e3o do \u2018Grito de Carnaval\u2019 dentro do Curitibano e esperamos que venham muitas outras\u201d, conta o Presidente do Clube Curitibano, Paulo Roberto Oliveira.<\/p>\n\n\n\n<p>Os ingressos est\u00e3o dispon\u00edveis na Secretaria Social. Para outras informa\u00e7\u00f5es, entre em contato com o Departamento Social pelo telefone (41) 3014-1932.<\/p>\n\n\n\n<p><strong>Servi\u00e7o<\/strong><br><strong>Data<\/strong>: 3 de fevereiro de 2024<br><strong>Hor\u00e1rio<\/strong>: 20h<br><strong>Local<\/strong>: Sal\u00e3o Rubens Arles Bettega<br><strong>Convites<\/strong>: Associados: R$50 | Convidados: R$100 (limitado a 2 convites\u00a0por\u00a0associado)<\/p>\n","protected":false},"excerpt":{"rendered":"<p>Pela primeira vez, o Clube Curitibano realizar\u00e1 o \u2018Grito de Carnaval\u2019, uma noite inteira marcada por marchinhas e folias. O evento \u00e9 voltado para o p\u00fablico adulto e acontecer\u00e1 no dia 3 de fevereiro, no Sal\u00e3o Rubens Arles Bettega, na Sede Bar\u00e3o do Serro Azul. Na programa\u00e7\u00e3o, o DJ Ricardo Monteiro, o Mini Bloco &#8216;Garibaldis [&hellip;]<\/p>\n","protected":false},"author":1,"featured_media":2025,"comment_status":"open","ping_status":"open","sticky":false,"template":"","format":"standard","meta":{"footnotes":""},"categories":[339],"tags":[],"class_list":["post-2024","post","type-post","status-publish","format-standard","has-post-thumbnail","hentry","category-entretenimento"],"_links":{"self":[{"href":"https:\/\/diarioparanaense.com\/index.php?rest_route=\/wp\/v2\/posts\/2024","targetHints":{"allow":["GET"]}}],"collection":[{"href":"https:\/\/diarioparanaense.com\/index.php?rest_route=\/wp\/v2\/posts"}],"about":[{"href":"https:\/\/diarioparanaense.com\/index.php?rest_route=\/wp\/v2\/types\/post"}],"author":[{"embeddable":true,"href":"https:\/\/diarioparanaense.com\/index.php?rest_route=\/wp\/v2\/users\/1"}],"replies":[{"embeddable":true,"href":"https:\/\/diarioparanaense.com\/index.php?rest_route=%2Fwp%2Fv2%2Fcomments&post=2024"}],"version-history":[{"count":1,"href":"https:\/\/diarioparanaense.com\/index.php?rest_route=\/wp\/v2\/posts\/2024\/revisions"}],"predecessor-version":[{"id":2026,"href":"https:\/\/diarioparanaense.com\/index.php?rest_route=\/wp\/v2\/posts\/2024\/revisions\/2026"}],"wp:featuredmedia":[{"embeddable":true,"href":"https:\/\/diarioparanaense.com\/index.php?rest_route=\/wp\/v2\/media\/2025"}],"wp:attachment":[{"href":"https:\/\/diarioparanaense.com\/index.php?rest_route=%2Fwp%2Fv2%2Fmedia&parent=2024"}],"wp:term":[{"taxonomy":"category","embeddable":true,"href":"https:\/\/diarioparanaense.com\/index.php?rest_route=%2Fwp%2Fv2%2Fcategories&post=2024"},{"taxonomy":"post_tag","embeddable":true,"href":"https:\/\/diarioparanaense.com\/index.php?rest_route=%2Fwp%2Fv2%2Ftags&post=2024"}],"curies":[{"name":"wp","href":"https:\/\/api.w.org\/{rel}","templated":true}]}}