{"id":2011,"date":"2024-01-23T16:32:11","date_gmt":"2024-01-23T19:32:11","guid":{"rendered":"https:\/\/diarioparanaense.com\/?p=2011"},"modified":"2024-01-23T16:32:11","modified_gmt":"2024-01-23T19:32:11","slug":"joao-bosco-gabriel-apresentam-a-faixa-trenzin-com-mc-jacare","status":"publish","type":"post","link":"https:\/\/diarioparanaense.com\/?p=2011","title":{"rendered":"Jo\u00e3o Bosco &amp; Gabriel apresentam a faixa \u201cTrenzin\u201d com MC Jacar\u00e9"},"content":{"rendered":"\n<p class=\"has-medium-font-size\">Este \u00e9 o primeiro lan\u00e7amento de 2024 e chega \u00e0s plataformas digitais na sexta-feira (19)<\/p>\n\n\n\n<p>Ap\u00f3s finalizar o ano de 2023 com o sucesso absoluto de \u201cVestido no Limite\u201d, Jo\u00e3o Bosco &amp; Gabriel chegam nesta sexta-feira (19) com o primeiro lan\u00e7amento do novo ano. Trata-se de \u201cTrenzin\u201d, com participa\u00e7\u00e3o especial do MC Jacar\u00e9. A m\u00fasica comp\u00f5e o audiovisual \u201cDNA\u201d e j\u00e1 est\u00e1 dispon\u00edvel em todas as plataformas digitais e no YouTube.<\/p>\n\n\n\n<p>Com letra de Amanda Valverde, Guilherme Ferraz, Geadson Baiano, a can\u00e7\u00e3o aposta mais uma vez na mistura do sertanejo, funk e batidas eletr\u00f4nicas. O hit contagiante, desde sua grava\u00e7\u00e3o, vem mirando o ver\u00e3o de 2024 e no carnaval, al\u00e9m disso, chega com uma coreografia pronta para ser reproduzida nas redes sociais do Tik Tok e Reels do Instagram. \u201cO som do MC Jacar\u00e9 \u00e9 diferenciado e ele \u00e9 um dos nomes mais em alta do funk atualmente. Dividir o palco ao lado dele foi demais e deixou a m\u00fasica pancada\u201d, conta Jo\u00e3o Bosco.<\/p>\n\n\n\n<p>\u201cEstamos acreditando muito no potencial dessa faixa, assim como \u2018Vestido no Limite\u2019. S\u00e3o duas m\u00fasicas, que carregam muito da nossa identidade. N\u00e3o vemos a hora de ver a resposta por meio das plataformas, al\u00e9m de sentir o term\u00f4metro nos shows\u201d, completa Gabriel.<\/p>\n\n\n\n<p>O projeto audiovisual \u201cDNA\u201d foi registrado em Goi\u00e2nia, em setembro de 2023. O ano de 2024 de Jo\u00e3o Bosco &amp; Gabriel ainda contar\u00e1 com muitas novidades deste projeto que traz participa\u00e7\u00f5es de Cl\u00e9ber &amp; Cauan, L\u00e9o &amp; Raphael, e Felipe &amp; Rodrigo. A produ\u00e7\u00e3o \u00e9 assinada por Thiaguinho Lopes (produtor art\u00edstico) ao lado de Franklin Godinho e Livia Fernandes (produtores gerais). J\u00e1 a dire\u00e7\u00e3o de v\u00eddeo \u00e9 de Rafael Terra, com respaldo total do escrit\u00f3rio dos artistas, a Diamantes&nbsp;Produ\u00e7\u00e3o.<\/p>\n","protected":false},"excerpt":{"rendered":"<p>Este \u00e9 o primeiro lan\u00e7amento de 2024 e chega \u00e0s plataformas digitais na sexta-feira (19) Ap\u00f3s finalizar o ano de 2023 com o sucesso absoluto de \u201cVestido no Limite\u201d, Jo\u00e3o Bosco &amp; Gabriel chegam nesta sexta-feira (19) com o primeiro lan\u00e7amento do novo ano. Trata-se de \u201cTrenzin\u201d, com participa\u00e7\u00e3o especial do MC Jacar\u00e9. A m\u00fasica [&hellip;]<\/p>\n","protected":false},"author":1,"featured_media":2014,"comment_status":"open","ping_status":"open","sticky":false,"template":"","format":"standard","meta":{"footnotes":""},"categories":[27],"tags":[],"class_list":["post-2011","post","type-post","status-publish","format-standard","has-post-thumbnail","hentry","category-musica"],"_links":{"self":[{"href":"https:\/\/diarioparanaense.com\/index.php?rest_route=\/wp\/v2\/posts\/2011","targetHints":{"allow":["GET"]}}],"collection":[{"href":"https:\/\/diarioparanaense.com\/index.php?rest_route=\/wp\/v2\/posts"}],"about":[{"href":"https:\/\/diarioparanaense.com\/index.php?rest_route=\/wp\/v2\/types\/post"}],"author":[{"embeddable":true,"href":"https:\/\/diarioparanaense.com\/index.php?rest_route=\/wp\/v2\/users\/1"}],"replies":[{"embeddable":true,"href":"https:\/\/diarioparanaense.com\/index.php?rest_route=%2Fwp%2Fv2%2Fcomments&post=2011"}],"version-history":[{"count":1,"href":"https:\/\/diarioparanaense.com\/index.php?rest_route=\/wp\/v2\/posts\/2011\/revisions"}],"predecessor-version":[{"id":2015,"href":"https:\/\/diarioparanaense.com\/index.php?rest_route=\/wp\/v2\/posts\/2011\/revisions\/2015"}],"wp:featuredmedia":[{"embeddable":true,"href":"https:\/\/diarioparanaense.com\/index.php?rest_route=\/wp\/v2\/media\/2014"}],"wp:attachment":[{"href":"https:\/\/diarioparanaense.com\/index.php?rest_route=%2Fwp%2Fv2%2Fmedia&parent=2011"}],"wp:term":[{"taxonomy":"category","embeddable":true,"href":"https:\/\/diarioparanaense.com\/index.php?rest_route=%2Fwp%2Fv2%2Fcategories&post=2011"},{"taxonomy":"post_tag","embeddable":true,"href":"https:\/\/diarioparanaense.com\/index.php?rest_route=%2Fwp%2Fv2%2Ftags&post=2011"}],"curies":[{"name":"wp","href":"https:\/\/api.w.org\/{rel}","templated":true}]}}