{"id":2005,"date":"2024-01-23T16:25:30","date_gmt":"2024-01-23T19:25:30","guid":{"rendered":"https:\/\/diarioparanaense.com\/?p=2005"},"modified":"2024-01-23T16:25:31","modified_gmt":"2024-01-23T19:25:31","slug":"bullet-bane-lanca-no-fundo-me-importo-segundo-single-do-album-art-ficial","status":"publish","type":"post","link":"https:\/\/diarioparanaense.com\/?p=2005","title":{"rendered":"Bullet Bane lan\u00e7a &#8220;NO FUNDO ME IMPORTO&#8221;, segundo single do \u00e1lbum &#8220;ART.FICIAL&#8221;"},"content":{"rendered":"\n<p class=\"has-medium-font-size\"><em>Can\u00e7\u00e3o chega acompanhada de videoclipe e segue a nova fase da carreira do quinteto paulistano.<\/em><\/p>\n\n\n\n<p><em>Pr\u00e9-save: <\/em><a href=\"https:\/\/umg.headmedia.com.br\/nofundomeimporto\">https:\/\/umg.headmedia.com.br\/nofundomeimporto<\/a><\/p>\n\n\n\n<p>A banda Bullet Bane lan\u00e7ar\u00e1 no dia 26 de janeiro a faixa &#8220;NO FUNDO ME IMPORTO&#8221;, segunda m\u00fasica de trabalho de seu novo \u00e1lbum, &#8220;ART.FICIAL&#8221;. A m\u00fasica estar\u00e1 dispon\u00edvel nas principais plataformas de streaming. A faixa \u00e9 um pop\/rock com uma letra que fala sobre o amor e a import\u00e2ncia de se importar com as pessoas, afinal, quando amamos, lidamos com uma s\u00e9rie de sentimentos que se entrela\u00e7am ao principal. em um misto de altos e baixos, entre desejar dist\u00e2ncia e o fim, e em outros momentos compreender que o outro precisa estar por perto, mas a paix\u00e3o e as sensa\u00e7\u00f5es confusas podem tornar esse caminho mais complexo. Essa dicotomia \u00e9 explorada na can\u00e7\u00e3o como uma forma de enaltecer suas nuances. \u00c0s vezes at\u00e9 podemos n\u00e3o saber demonstrar, mas o fato \u00e9 que no fundo nos importamos. A m\u00fasica tem uma melodia forte e uma letra que \u00e9 f\u00e1cil de cantar junto.<\/p>\n\n\n\n<p>\u201cEstamos muito felizes com o lan\u00e7amento dessa m\u00fasica\u201d, diz Arthur Mutanen, vocalista do Bullet Bane. \u201cEla \u00e9 uma \u00f3tima representa\u00e7\u00e3o do que estamos buscando fazer com o novo \u00e1lbum. Queremos fazer m\u00fasica que seja acess\u00edvel e que tamb\u00e9m tenha algo a dizer&#8221;, acrescenta.<\/p>\n\n\n\n<p>Segundo o vocalista, a can\u00e7\u00e3o \u00e9 quase uma resposta a coment\u00e1rios negativos que surgem nas redes sociais acerca da inova\u00e7\u00e3o proposta pelos artistas. &#8220;&#8216;No Fundo Me Importo&#8217; \u00e9 uma das m\u00fasicas mais &#8216;raivosas&#8217; do disco. Ela tem uma certa energia ca\u00f3tica, mas, ao mesmo tempo, me carrega por momentos de paz e tranquilidade, e \u00e9 essa ambiguidade que eu gosto nela. O que ela representa \u00e9 isso, tanto no \u00e2mbito de rela\u00e7\u00f5es amorosas, quanto em rela\u00e7\u00e3o ao &#8216;hate&#8217; que recebemos na internet por sermos uma banda sem medo de inovar, se reinventar, fazer m\u00fasica de cora\u00e7\u00e3o sem amarras ao passado. Estamos muito animados para o futuro, muito confiantes no nosso novo trabalho, no disco, e com muito amor a cada peda\u00e7o de arte que a gente fez, e essa m\u00fasica representa muito este momento, essa certeza&#8221;, finaliza Arthur Mutanen.<\/p>\n\n\n\n<p><strong>ART.FICIAL<\/strong><\/p>\n\n\n\n<p>O novo \u00e1lbum do Bullet Bane, &#8220;ART.FICIAL&#8221;, ser\u00e1 lan\u00e7ado no primeiro semestre de 2024 e contar\u00e1 com 14 faixas e 5 videoclipes. O disco representa uma nova fase na carreira da banda, que est\u00e1 apostando em uma nova roupagem ao rock nacional, ao mesmo tempo mantendo a ess\u00eancia de uma m\u00fasica pesada.<\/p>\n\n\n\n<p>A primeira m\u00fasica de trabalho do \u00e1lbum, &#8220;Elevador&#8221;, foi lan\u00e7ada em dezembro de 2023 e conta com um clipe dirigido pelo vocalista da banda e criado a partir de intelig\u00eancia artificial. A faixa \u00e9 uma analogia sobre a inconst\u00e2ncia da vida e dos sentimentos.<\/p>\n\n\n\n<p>Al\u00e9m do lan\u00e7amento do \u00e1lbum, o Bullet Bane tamb\u00e9m tem planos de realizar uma turn\u00ea nacional para divulgar o novo trabalho. A turn\u00ea deve come\u00e7ar no segundo semestre de 2024.<\/p>\n\n\n\n<p><strong>Sobre o Bullet Bane<\/strong><\/p>\n\n\n\n<p>Bullet Bane \u00e9 uma banda de rock alternativo formada por Arthur Mutanen (vocal), Danilo Souza (guitarra), Fernando Uehara (guitarra), Rafael Goldin (baixo) e Renan Garcia (bateria). Enquanto se prepara para lan\u00e7ar seu sexto \u00e1lbum de est\u00fadio, \u201cART.FICIAL\u201d, o grupo vem movimentando e impactando o cen\u00e1rio nacional com a perfeita combina\u00e7\u00e3o entre m\u00fasica e experi\u00eancias visuais.<\/p>\n\n\n\n<p>Em sua trajet\u00f3ria, o grupo j\u00e1 coleciona mais de 10 trabalhos autorais lan\u00e7ados, entre \u00e1lbuns, EPs e splits, al\u00e9m de registros ao vivo.<\/p>\n\n\n\n<p>A banda, que j\u00e1 realizou diversas turn\u00eas passando por quase todos os estados brasileiros, se apresentou, em 2019, no maior festival musical do planeta, o Rock In Rio, como atra\u00e7\u00e3o do Palco Supernova.<\/p>\n","protected":false},"excerpt":{"rendered":"<p>Can\u00e7\u00e3o chega acompanhada de videoclipe e segue a nova fase da carreira do quinteto paulistano. Pr\u00e9-save: https:\/\/umg.headmedia.com.br\/nofundomeimporto A banda Bullet Bane lan\u00e7ar\u00e1 no dia 26 de janeiro a faixa &#8220;NO FUNDO ME IMPORTO&#8221;, segunda m\u00fasica de trabalho de seu novo \u00e1lbum, &#8220;ART.FICIAL&#8221;. A m\u00fasica estar\u00e1 dispon\u00edvel nas principais plataformas de streaming. A faixa \u00e9 um [&hellip;]<\/p>\n","protected":false},"author":1,"featured_media":2008,"comment_status":"open","ping_status":"open","sticky":false,"template":"","format":"standard","meta":{"footnotes":""},"categories":[27],"tags":[],"class_list":["post-2005","post","type-post","status-publish","format-standard","has-post-thumbnail","hentry","category-musica"],"_links":{"self":[{"href":"https:\/\/diarioparanaense.com\/index.php?rest_route=\/wp\/v2\/posts\/2005","targetHints":{"allow":["GET"]}}],"collection":[{"href":"https:\/\/diarioparanaense.com\/index.php?rest_route=\/wp\/v2\/posts"}],"about":[{"href":"https:\/\/diarioparanaense.com\/index.php?rest_route=\/wp\/v2\/types\/post"}],"author":[{"embeddable":true,"href":"https:\/\/diarioparanaense.com\/index.php?rest_route=\/wp\/v2\/users\/1"}],"replies":[{"embeddable":true,"href":"https:\/\/diarioparanaense.com\/index.php?rest_route=%2Fwp%2Fv2%2Fcomments&post=2005"}],"version-history":[{"count":1,"href":"https:\/\/diarioparanaense.com\/index.php?rest_route=\/wp\/v2\/posts\/2005\/revisions"}],"predecessor-version":[{"id":2009,"href":"https:\/\/diarioparanaense.com\/index.php?rest_route=\/wp\/v2\/posts\/2005\/revisions\/2009"}],"wp:featuredmedia":[{"embeddable":true,"href":"https:\/\/diarioparanaense.com\/index.php?rest_route=\/wp\/v2\/media\/2008"}],"wp:attachment":[{"href":"https:\/\/diarioparanaense.com\/index.php?rest_route=%2Fwp%2Fv2%2Fmedia&parent=2005"}],"wp:term":[{"taxonomy":"category","embeddable":true,"href":"https:\/\/diarioparanaense.com\/index.php?rest_route=%2Fwp%2Fv2%2Fcategories&post=2005"},{"taxonomy":"post_tag","embeddable":true,"href":"https:\/\/diarioparanaense.com\/index.php?rest_route=%2Fwp%2Fv2%2Ftags&post=2005"}],"curies":[{"name":"wp","href":"https:\/\/api.w.org\/{rel}","templated":true}]}}