{"id":2004,"date":"2024-01-23T16:24:32","date_gmt":"2024-01-23T19:24:32","guid":{"rendered":"https:\/\/diarioparanaense.com\/?p=2004"},"modified":"2024-01-23T16:24:32","modified_gmt":"2024-01-23T19:24:32","slug":"macucos-anuncia-lancamento-com-armandinho-e-gravacao-de-dvd-inedito","status":"publish","type":"post","link":"https:\/\/diarioparanaense.com\/?p=2004","title":{"rendered":"Macucos anuncia lan\u00e7amento com Armandinho e grava\u00e7\u00e3o de DVD in\u00e9dito"},"content":{"rendered":"\n<p><em>Parceria chega \u00e0s plataformas no dia 26 de janeiro; show ser\u00e1 gravado na Praia de Itapu\u00e3, no Esp\u00edrito Santo.<\/em><\/p>\n\n\n\n<p><em>Pre-save: <\/em><a href=\"https:\/\/lnk.dmsmusic.co\/armandinhomacucos_lugarquesequis\"><em>https:\/\/lnk.dmsmusic.co\/armandinhomacucos_lugarquesequis<\/em><\/a><em><\/em><\/p>\n\n\n\n<p><br>A banda Macucos, conhecida por sua sonoridade \u00fanica e mensagens tocantes, est\u00e1 de volta com o lan\u00e7amento envolvente de &#8220;Lugar Que Se Quis&#8221;, em parceria com Armandinho e chega \u00e0s plataformas digitais em 26 de janeiro. A produ\u00e7\u00e3o conta com a expertise dos produtores Gabriel Rocha, Signobeat, e Fred Nery, o vocalista da banda, promovendo um verdadeiro encontro de gera\u00e7\u00f5es do reggae nacional. A novidade chega acompanhada da grava\u00e7\u00e3o de um DVD in\u00e9dito na Praia de Itapu\u00e3, no Esp\u00edrito Santo, nas mesmas areias onde a banda foi formada h\u00e1 25 anos.<\/p>\n\n\n\n<p>Assinada por Beto Pep\u00ea e J\u00fanior Barriga, o lan\u00e7amento musical marca uma jornada sonora que transporta os ouvintes para o &#8220;lugar que se quis&#8221;. Com uma melodia leve e uma letra cativante, a faixa captura emo\u00e7\u00f5es profundas, seja remetendo a uma cidade, a um estado de esp\u00edrito ou a um encontro com algu\u00e9m especial que j\u00e1 se foi.<\/p>\n\n\n\n<p>&#8220;Depois de 13 anos do lan\u00e7amento da m\u00fasica &#8216;Tchau&#8217;, vamos lan\u00e7ar outra composi\u00e7\u00e3o do Beto Pepe, &#8216;Lugar que se quis&#8217;. Armando \u00e9 um grande amigo, baita artista. Gravamos esse som na casa dele, passamos 4 dias trabalhando e a vibe foi maravilhosa&#8221;, explica Fred Nery<\/p>\n\n\n\n<p>&#8220;A m\u00fasica tinha a cara do Armando, n\u00e3o conseguia pensar em outra pessoa, parecia ser feita pra ele. Quando mostrei pra ele foi amor \u00e0 primeira audi\u00e7\u00e3o. Ele ficou encantado&#8221;, completa o vocalista.<\/p>\n\n\n\n<p><strong>Clipe<\/strong><\/p>\n\n\n\n<p>Com o objetivo de promover uma experi\u00eancia completa, &#8220;Lugar Que Se Quis&#8221; ser\u00e1 acompanhada de videoclipe, uma anima\u00e7\u00e3o com ilustra\u00e7\u00f5es de \u00c1gua Viva C\u00f3smica e edi\u00e7\u00e3o\/anima\u00e7\u00e3o de Lucas Zana. O lan\u00e7amento, previsto para ser lan\u00e7ado duas semanas ap\u00f3s o single, promete surpreender ao promover uma experi\u00eancia visual \u00fanica que complementa perfeitamente a atmosfera da m\u00fasica.<\/p>\n\n\n\n<p><strong>Grava\u00e7\u00e3o de DVD<\/strong><\/p>\n\n\n\n<p>Em comemora\u00e7\u00e3o de 25 anos de carreira, a banda Macucos grava no domingo (28) seu novo DVD. O encontro acontecer\u00e1 na Praia de Itapu\u00e3, em Vila Velha (ES) e marca o reencontro do grupo com as mesmas areias de onde surgiu.<\/p>\n\n\n\n<p>Com uma mega estrutura, o festival Del\u00edrio Tropical foi o palco escolhido para receber a grava\u00e7\u00e3o. Este ser\u00e1 o segundo DVD ao vivo da banda.<\/p>\n\n\n\n<p><strong>Sobre Macucos:<\/strong><\/p>\n\n\n\n<p>Com uma trajet\u00f3ria marcada por autenticidade e originalidade em mais de 20 anos de hist\u00f3ria, Macucos tem se destacado no cen\u00e1rio musical brasileiro. Origin\u00e1ria da Praia de Itapo\u00e3, em Vila Velha &#8211; ES, a banda teve seu in\u00edcio em um Luau especial, marcando o surgimento de uma sonoridade \u00fanica.<\/p>\n\n\n\n<p>O Macucos j\u00e1 tocou em alguns dos principais eventos do Brasil: Festival de Alegre-ES, Forreggae-SP, Festival de Ver\u00e3o de Salvador-BA, Festa da Penha, Festival de Reggae de Canavieiras-BA, Guarafest, Lapa Multishow-MG, Vit\u00f3ria Music Festival etc. J\u00e1 dividiu tamb\u00e9m o palco com v\u00e1rias bandas de renome nacional, tais como: Cidade Negra, O Rappa, Skank, Tribo de Jah, Natiruts, Planta e Raiz, Alma D\u00b4Jem, Detonautas, Tihuana, Ivete Sangalo, Charlie Brown Jr. entre outras.<\/p>\n\n\n\n<p>Com a realiza\u00e7\u00e3o da VVS Studio Records e distribui\u00e7\u00e3o pela Downtown, Macucos est\u00e1 preparando terreno para um EP que promete ser uma experi\u00eancia musical memor\u00e1vel.<\/p>\n","protected":false},"excerpt":{"rendered":"<p>Parceria chega \u00e0s plataformas no dia 26 de janeiro; show ser\u00e1 gravado na Praia de Itapu\u00e3, no Esp\u00edrito Santo. Pre-save: https:\/\/lnk.dmsmusic.co\/armandinhomacucos_lugarquesequis A banda Macucos, conhecida por sua sonoridade \u00fanica e mensagens tocantes, est\u00e1 de volta com o lan\u00e7amento envolvente de &#8220;Lugar Que Se Quis&#8221;, em parceria com Armandinho e chega \u00e0s plataformas digitais em 26 [&hellip;]<\/p>\n","protected":false},"author":1,"featured_media":2006,"comment_status":"open","ping_status":"open","sticky":false,"template":"","format":"standard","meta":{"footnotes":""},"categories":[27],"tags":[],"class_list":["post-2004","post","type-post","status-publish","format-standard","has-post-thumbnail","hentry","category-musica"],"_links":{"self":[{"href":"https:\/\/diarioparanaense.com\/index.php?rest_route=\/wp\/v2\/posts\/2004","targetHints":{"allow":["GET"]}}],"collection":[{"href":"https:\/\/diarioparanaense.com\/index.php?rest_route=\/wp\/v2\/posts"}],"about":[{"href":"https:\/\/diarioparanaense.com\/index.php?rest_route=\/wp\/v2\/types\/post"}],"author":[{"embeddable":true,"href":"https:\/\/diarioparanaense.com\/index.php?rest_route=\/wp\/v2\/users\/1"}],"replies":[{"embeddable":true,"href":"https:\/\/diarioparanaense.com\/index.php?rest_route=%2Fwp%2Fv2%2Fcomments&post=2004"}],"version-history":[{"count":1,"href":"https:\/\/diarioparanaense.com\/index.php?rest_route=\/wp\/v2\/posts\/2004\/revisions"}],"predecessor-version":[{"id":2007,"href":"https:\/\/diarioparanaense.com\/index.php?rest_route=\/wp\/v2\/posts\/2004\/revisions\/2007"}],"wp:featuredmedia":[{"embeddable":true,"href":"https:\/\/diarioparanaense.com\/index.php?rest_route=\/wp\/v2\/media\/2006"}],"wp:attachment":[{"href":"https:\/\/diarioparanaense.com\/index.php?rest_route=%2Fwp%2Fv2%2Fmedia&parent=2004"}],"wp:term":[{"taxonomy":"category","embeddable":true,"href":"https:\/\/diarioparanaense.com\/index.php?rest_route=%2Fwp%2Fv2%2Fcategories&post=2004"},{"taxonomy":"post_tag","embeddable":true,"href":"https:\/\/diarioparanaense.com\/index.php?rest_route=%2Fwp%2Fv2%2Ftags&post=2004"}],"curies":[{"name":"wp","href":"https:\/\/api.w.org\/{rel}","templated":true}]}}