{"id":2000,"date":"2024-01-22T14:15:51","date_gmt":"2024-01-22T17:15:51","guid":{"rendered":"https:\/\/diarioparanaense.com\/?p=2000"},"modified":"2024-01-22T14:15:52","modified_gmt":"2024-01-22T17:15:52","slug":"a-vem-participa-da-feira-ambiente-messe-frankfurt-2024","status":"publish","type":"post","link":"https:\/\/diarioparanaense.com\/?p=2000","title":{"rendered":"A VEM participa da feira Ambiente \u2014 Messe Frankfurt 2024"},"content":{"rendered":"\n<p class=\"has-medium-font-size\"><em>Entre os lan\u00e7amentos para o mercado mundial est\u00e3o os produtos da Linha Platinum Silicone, com destaque para os tapetes para Air Fryer, in\u00e9ditos tamb\u00e9m no Brasil<\/em><\/p>\n\n\n\n<p>De 26 a 30 de janeiro, acontece a Ambiente \u2014 Messe Frankfurt 2023, na Alemanha, considerada uma das principais feiras internacionais de bens de consumo do mundo, e que ter\u00e1 a participa\u00e7\u00e3o da VEM com lan\u00e7amentos de produtos in\u00e9ditos.<\/p>\n\n\n\n<p>A empresa 100% brasileira, refer\u00eancia na produ\u00e7\u00e3o de utens\u00edlios para food service e<\/p>\n\n\n\n<p>consumidor final, mais uma vez estar\u00e1 presente com lan\u00e7amentos de produtos exclusivos das linhas Platinum Silicone, Cook e Salut.<\/p>\n\n\n\n<p><strong>Lan\u00e7amentos e novidades para a Ambiente<\/strong><\/p>\n\n\n\n<p><strong>Linha Platinum Silicone<\/strong><\/p>\n\n\n<div class=\"wp-block-image\">\n<figure class=\"aligncenter size-full\"><img loading=\"lazy\" decoding=\"async\" width=\"800\" height=\"493\" src=\"http:\/\/diarioparanaense.com\/wp-content\/uploads\/2024\/01\/Imagem1.jpg\" alt=\"\" class=\"wp-image-2001\" srcset=\"https:\/\/diarioparanaense.com\/wp-content\/uploads\/2024\/01\/Imagem1.jpg 800w, https:\/\/diarioparanaense.com\/wp-content\/uploads\/2024\/01\/Imagem1-300x185.jpg 300w, https:\/\/diarioparanaense.com\/wp-content\/uploads\/2024\/01\/Imagem1-768x473.jpg 768w, https:\/\/diarioparanaense.com\/wp-content\/uploads\/2024\/01\/Imagem1-356x220.jpg 356w, https:\/\/diarioparanaense.com\/wp-content\/uploads\/2024\/01\/Imagem1-696x429.jpg 696w, https:\/\/diarioparanaense.com\/wp-content\/uploads\/2024\/01\/Imagem1-682x420.jpg 682w\" sizes=\"auto, (max-width: 800px) 100vw, 800px\" \/><figcaption class=\"wp-element-caption\">Travessa 800ml de Silicone Silpr\u00f3<\/figcaption><\/figure><\/div>\n\n\n<p>Desenvolvida para suportar temperaturas elevadas, com varia\u00e7\u00e3o de \u221270\u202f\u00b0C at\u00e9 230\u202f\u00b0C, a Linha Platinum Silicone \u00e9 um dos mais recentes lan\u00e7amentos da empresa no Brasil. Este ano, as novidades para a feira Ambiente s\u00e3o os Tapetes para Air Fryer, com cinco tamanhos diferentes, al\u00e9m do Bowl Wit, em polipropileno e policarbonato, em preto e branco. Tamb\u00e9m ser\u00e3o destaque os novos Ramequins de Silicone, em dois tamanhos distintos, e as Travessas de Silicone.&nbsp;&nbsp;<\/p>\n\n\n\n<p>Um dos diferenciais dessa linha \u00e9 possuir a melhor qualidade da categoria no mercado nacional, utilizando tecnologias j\u00e1 reconhecidas na Europa e Jap\u00e3o. Sem contar que os utens\u00edlios podem ser utilizados no freezer, micro-ondas, lava-lou\u00e7as e at\u00e9 no forno.&nbsp;<\/p>\n\n\n\n<p>Com mais de 60 produtos, a Linha Platinum Silicone possui itens como almofadas para fog\u00e3o de indu\u00e7\u00e3o magn\u00e9tica, esp\u00e1tulas, colher de confeitaria e p\u00e3o duro, ralo de pia, tampas para sopeiras e travessas, tapetes culin\u00e1rios e micro perfurados para forno e Air Fryer, entre outros.<\/p>\n\n\n\n<p><strong>Linha Salut<\/strong><\/p>\n\n\n\n<p>Tamb\u00e9m ser\u00e3o destaques os copos e ta\u00e7as da Linha Salut, que foi desenvolvida para eliminar os acidentes com quebras de utens\u00edlios no momento do brinde. A linha apresenta produtos resistentes ao impacto e \u00e0s temperaturas, al\u00e9m de ser 250 vezes mais resistente que o vidro, 35 vezes mais resistente do que o acr\u00edlico e 100% recicl\u00e1vel.<\/p>\n\n\n\n<p>A Linha Salut conta com Copos Long Drink e Long Drink Slim, Whisky, Ta\u00e7as Champanhe e Gim, e Tulipa Chopp. Todos os produtos n\u00e3o trincam, n\u00e3o lascam e n\u00e3o estilha\u00e7am.&nbsp;&nbsp;<\/p>\n\n\n\n<p><strong>SILpr\u00f3 \u2013 uma marca do Grupo VEM<\/strong><\/p>\n\n\n<div class=\"wp-block-image\">\n<figure class=\"aligncenter size-full\"><img loading=\"lazy\" decoding=\"async\" width=\"800\" height=\"580\" src=\"https:\/\/diarioparanaense.com\/wp-content\/uploads\/2024\/01\/Imagem2.jpg\" alt=\"\" class=\"wp-image-2002\" srcset=\"https:\/\/diarioparanaense.com\/wp-content\/uploads\/2024\/01\/Imagem2.jpg 800w, https:\/\/diarioparanaense.com\/wp-content\/uploads\/2024\/01\/Imagem2-300x218.jpg 300w, https:\/\/diarioparanaense.com\/wp-content\/uploads\/2024\/01\/Imagem2-768x557.jpg 768w, https:\/\/diarioparanaense.com\/wp-content\/uploads\/2024\/01\/Imagem2-324x235.jpg 324w, https:\/\/diarioparanaense.com\/wp-content\/uploads\/2024\/01\/Imagem2-696x505.jpg 696w, https:\/\/diarioparanaense.com\/wp-content\/uploads\/2024\/01\/Imagem2-579x420.jpg 579w\" sizes=\"auto, (max-width: 800px) 100vw, 800px\" \/><figcaption class=\"wp-element-caption\"><strong>Travessa 800ml de Silicone Silpr\u00f3<\/strong><\/figcaption><\/figure><\/div>\n\n\n<p>Outra novidade para o mercado internacional \u00e9 a apresenta\u00e7\u00e3o da linha de produtos de Silicone SILpr\u00f3, marca do grupo VEM, que ter\u00e1 a sua primeira apari\u00e7\u00e3o com dois produtos: Travessa 800ml e Pote Gourmet Bliss (com tampa). Voltada para a cozinha profissional, a nova marca do grupo tem \u00eanfase em produtos de SIlicone Platinum, sem mistura e utiliz\u00e1vel no forno, seguindo o seu slogan \u201cSilicone pro&nbsp;Chef\u201d. A iniciativa ser\u00e1 lan\u00e7ada no mercado brasileiro nas feiras que acontecem este ano.<\/p>\n\n\n\n<p><strong>A Ambiente \u2014 Messe Frankfurt 2024<\/strong><\/p>\n\n\n\n<p>Considerada a principal feira de bens de consumo do mundo, a Ambiente reflete as mudan\u00e7as no mercado, sempre com vistas ao futuro, ao apresentar tend\u00eancias globais e produtos inovadores que fazem sucesso em todo o mundo.<\/p>\n\n\n\n<p>A cada ano, a feira traz novidades de todo o mundo, com mais de 4.700 expositores, de mais de 80 pa\u00edses. Mais informa\u00e7\u00f5es na Feira<a href=\"https:\/\/ambiente.messefrankfurt.com\/frankfurt\/en.html\"> Ambiente<\/a>.&nbsp;<\/p>\n\n\n\n<p><strong>Sobre a VEM<\/strong><\/p>\n\n\n\n<p>Fundada em 2009, a empresa 100% brasileira conta com mais de 2 mil itens desenvolvidos para serem solu\u00e7\u00f5es de economia para neg\u00f3cios Horeca (como bares, hot\u00e9is, restaurantes, buffet, caf\u00e9s, padarias, confeitarias, lanchonetes, hospitais, sorveterias e a\u00e7aiterias), al\u00e9m do consumidor final.<\/p>\n\n\n\n<p>Al\u00e9m de oferecer produtos pr\u00e1ticos e com design arrojado, a VEM desenvolve solu\u00e7\u00f5es reais para as demandas do dia a dia, como produtos resistentes \u00e0s temperaturas e aos impactos, recicl\u00e1veis, com design marcante e formatos inteligentes, ideais para o empilhamento.<\/p>\n\n\n\n<p>Todos os utens\u00edlios t\u00eam a certifica\u00e7\u00e3o da Falc\u00e3o Bauer, al\u00e9m de estarem em conformidade com a FDA e a Anvisa. Isso significa que os produtos n\u00e3o contaminam os alimentos, garantindo mais seguran\u00e7a para todos. Mais informa\u00e7\u00f5es em <a href=\"http:\/\/www.mundovem.com.br\/\">VEM<\/a>.<\/p>\n","protected":false},"excerpt":{"rendered":"<p>Entre os lan\u00e7amentos para o mercado mundial est\u00e3o os produtos da Linha Platinum Silicone, com destaque para os tapetes para Air Fryer, in\u00e9ditos tamb\u00e9m no Brasil De 26 a 30 de janeiro, acontece a Ambiente \u2014 Messe Frankfurt 2023, na Alemanha, considerada uma das principais feiras internacionais de bens de consumo do mundo, e que [&hellip;]<\/p>\n","protected":false},"author":1,"featured_media":2001,"comment_status":"open","ping_status":"open","sticky":false,"template":"","format":"standard","meta":{"footnotes":""},"categories":[2],"tags":[],"class_list":["post-2000","post","type-post","status-publish","format-standard","has-post-thumbnail","hentry","category-destaque"],"_links":{"self":[{"href":"https:\/\/diarioparanaense.com\/index.php?rest_route=\/wp\/v2\/posts\/2000","targetHints":{"allow":["GET"]}}],"collection":[{"href":"https:\/\/diarioparanaense.com\/index.php?rest_route=\/wp\/v2\/posts"}],"about":[{"href":"https:\/\/diarioparanaense.com\/index.php?rest_route=\/wp\/v2\/types\/post"}],"author":[{"embeddable":true,"href":"https:\/\/diarioparanaense.com\/index.php?rest_route=\/wp\/v2\/users\/1"}],"replies":[{"embeddable":true,"href":"https:\/\/diarioparanaense.com\/index.php?rest_route=%2Fwp%2Fv2%2Fcomments&post=2000"}],"version-history":[{"count":1,"href":"https:\/\/diarioparanaense.com\/index.php?rest_route=\/wp\/v2\/posts\/2000\/revisions"}],"predecessor-version":[{"id":2003,"href":"https:\/\/diarioparanaense.com\/index.php?rest_route=\/wp\/v2\/posts\/2000\/revisions\/2003"}],"wp:featuredmedia":[{"embeddable":true,"href":"https:\/\/diarioparanaense.com\/index.php?rest_route=\/wp\/v2\/media\/2001"}],"wp:attachment":[{"href":"https:\/\/diarioparanaense.com\/index.php?rest_route=%2Fwp%2Fv2%2Fmedia&parent=2000"}],"wp:term":[{"taxonomy":"category","embeddable":true,"href":"https:\/\/diarioparanaense.com\/index.php?rest_route=%2Fwp%2Fv2%2Fcategories&post=2000"},{"taxonomy":"post_tag","embeddable":true,"href":"https:\/\/diarioparanaense.com\/index.php?rest_route=%2Fwp%2Fv2%2Ftags&post=2000"}],"curies":[{"name":"wp","href":"https:\/\/api.w.org\/{rel}","templated":true}]}}