{"id":1994,"date":"2024-01-22T09:48:52","date_gmt":"2024-01-22T12:48:52","guid":{"rendered":"https:\/\/diarioparanaense.com\/?p=1994"},"modified":"2024-01-22T09:48:53","modified_gmt":"2024-01-22T12:48:53","slug":"ariel-b-e-deb-lima-aquecem-o-verao-com-o-lancamento-do-envolvente-single-ballena","status":"publish","type":"post","link":"https:\/\/diarioparanaense.com\/?p=1994","title":{"rendered":"Ariel B e Deb Lima aquecem o ver\u00e3o com o lan\u00e7amento do envolvente single &#8220;Ballena&#8221;"},"content":{"rendered":"\n<p class=\"has-medium-font-size\">Romance e eletrohits se fundem na colabora\u00e7\u00e3o que promete ser a trilha sonora do ver\u00e3o<\/p>\n\n\n\n<p>Nesta sexta-feira (19), o DJ e produtor Ariel B lan\u00e7a seu mais novo single &#8220;Ballena&#8221; para embalar as noites de ver\u00e3o. A faixa, que se destaca por sua atmosfera quente, alto astral e de muita paquera, conta com a participa\u00e7\u00e3o especial da DJ recifense Deb Lima.<\/p>\n\n\n\n<p>&#8220;Ballena&#8221; \u00e9 um funk pop que resgata a vibe dos eletrohits que conquistaram o Brasil. Com versos envolventes, os DJs, que colocaram suas vozes no single, falam sobre romance e desejo.<\/p>\n\n\n\n<p>A letra \u00e9 uma festa por si s\u00f3, prometendo agitar as pistas de dan\u00e7a em todo o pa\u00eds. &#8220;Quando ela vem \/ Desenrolada \/ O que essa mina tem \/ \u00c9 m\u00f3 parada \/ Danada\u2026Eu sei que a Shakira copiou seus movimentos \/ Eu vendo de fora imaginando eu ai \u00e9 dentro \/ Dentro desse quarto conhecendo o monumento \/ Se ela me chamar nem tenho roupa pra esse evento&#8221;, diz a letra.<\/p>\n\n\n\n<p>A colabora\u00e7\u00e3o entre os artistas promete ser um cross-over de p\u00fablicos, unindo o sul e o nordeste do Brasil atrav\u00e9s da m\u00fasica. A expectativa \u00e9 que a faixa, que tem a cara do ver\u00e3o e do carnaval, atinja o m\u00e1ximo de pessoas poss\u00edveis e agite muito&nbsp;as&nbsp;pistas.<\/p>\n","protected":false},"excerpt":{"rendered":"<p>Romance e eletrohits se fundem na colabora\u00e7\u00e3o que promete ser a trilha sonora do ver\u00e3o Nesta sexta-feira (19), o DJ e produtor Ariel B lan\u00e7a seu mais novo single &#8220;Ballena&#8221; para embalar as noites de ver\u00e3o. A faixa, que se destaca por sua atmosfera quente, alto astral e de muita paquera, conta com a participa\u00e7\u00e3o [&hellip;]<\/p>\n","protected":false},"author":1,"featured_media":1996,"comment_status":"open","ping_status":"open","sticky":false,"template":"","format":"standard","meta":{"footnotes":""},"categories":[27],"tags":[],"class_list":["post-1994","post","type-post","status-publish","format-standard","has-post-thumbnail","hentry","category-musica"],"_links":{"self":[{"href":"https:\/\/diarioparanaense.com\/index.php?rest_route=\/wp\/v2\/posts\/1994","targetHints":{"allow":["GET"]}}],"collection":[{"href":"https:\/\/diarioparanaense.com\/index.php?rest_route=\/wp\/v2\/posts"}],"about":[{"href":"https:\/\/diarioparanaense.com\/index.php?rest_route=\/wp\/v2\/types\/post"}],"author":[{"embeddable":true,"href":"https:\/\/diarioparanaense.com\/index.php?rest_route=\/wp\/v2\/users\/1"}],"replies":[{"embeddable":true,"href":"https:\/\/diarioparanaense.com\/index.php?rest_route=%2Fwp%2Fv2%2Fcomments&post=1994"}],"version-history":[{"count":1,"href":"https:\/\/diarioparanaense.com\/index.php?rest_route=\/wp\/v2\/posts\/1994\/revisions"}],"predecessor-version":[{"id":1997,"href":"https:\/\/diarioparanaense.com\/index.php?rest_route=\/wp\/v2\/posts\/1994\/revisions\/1997"}],"wp:featuredmedia":[{"embeddable":true,"href":"https:\/\/diarioparanaense.com\/index.php?rest_route=\/wp\/v2\/media\/1996"}],"wp:attachment":[{"href":"https:\/\/diarioparanaense.com\/index.php?rest_route=%2Fwp%2Fv2%2Fmedia&parent=1994"}],"wp:term":[{"taxonomy":"category","embeddable":true,"href":"https:\/\/diarioparanaense.com\/index.php?rest_route=%2Fwp%2Fv2%2Fcategories&post=1994"},{"taxonomy":"post_tag","embeddable":true,"href":"https:\/\/diarioparanaense.com\/index.php?rest_route=%2Fwp%2Fv2%2Ftags&post=1994"}],"curies":[{"name":"wp","href":"https:\/\/api.w.org\/{rel}","templated":true}]}}