{"id":1991,"date":"2024-01-19T13:05:09","date_gmt":"2024-01-19T16:05:09","guid":{"rendered":"https:\/\/diarioparanaense.com\/?p=1991"},"modified":"2024-01-19T13:05:10","modified_gmt":"2024-01-19T16:05:10","slug":"diversao-e-desenvolvimento-para-o-fim-das-ferias","status":"publish","type":"post","link":"https:\/\/diarioparanaense.com\/?p=1991","title":{"rendered":"Divers\u00e3o e desenvolvimento para o fim das f\u00e9rias"},"content":{"rendered":"\n<p class=\"has-medium-font-size\">Clube Curitibano organiza uma programa\u00e7\u00e3o completa com o Projeto Viva<\/p>\n\n\n\n<p>As f\u00e9rias escolares est\u00e3o chegando ao fim e o Projeto Viva, do Clube Curitibano, organizou uma nova temporada de divers\u00e3o e desenvolvimento. As crian\u00e7as de 4 a 11 anos aprendem por meio de atividades l\u00fadicas.<\/p>\n\n\n\n<p>O Projeto Viva envolve quatro \u00e1reas de interesse: divers\u00e3o, criatividade, corpo e alma. S\u00e3o elementos que transformam a aprendizagem em uma atividade espont\u00e2nea, um processo que desperta a curiosidade e a criatividade.<\/p>\n\n\n\n<p>A inscri\u00e7\u00e3o pode ser feita na Secretaria de Cultura, com prefer\u00eancia para reservas realizadas at\u00e9 um dia antes da atividade. O custo por participante associado \u00e9 de R$15.<\/p>\n\n\n\n<p>Para mais informa\u00e7\u00f5es, entre em contato de forma presencial na Secretaria de Cultura ou ligue para (41) 3014-1993.<\/p>\n\n\n\n<p><strong>Confira a Programa\u00e7\u00e3o Completa de Janeiro:<\/strong><\/p>\n\n\n\n<p><strong>20\/01\/2023 | Brincadeiras de Ver\u00e3o<br><\/strong>Um dia cheio de brincadeiras com \u00e1gua para se refrescar. Lembre-se de trazer uma segunda pe\u00e7a de roupa!<\/p>\n\n\n\n<p><strong>23\/01\/2023 | Cavalinho Flutuante<br><\/strong>Utilize macarr\u00e3o de piscina para criar seu pr\u00f3prio cavalinho flutuante e divirta-se nas \u00e1guas do Projeto Viva.<\/p>\n\n\n\n<p><strong>25\/01\/2023 | Aqu\u00e1rio na Garrafa<br><\/strong>Transforme uma garrafa em um aqu\u00e1rio, criando um ambiente aqu\u00e1tico fascinante.<\/p>\n\n\n\n<p><strong>27\/01\/2023 | Chuveiro de Ver\u00e3o<br><\/strong>Refresque-se criando um chuveirinho com materiais recicl\u00e1veis e aproveite o calor do ver\u00e3o.<\/p>\n\n\n\n<p><strong>30\/01\/2023 | M\u00f3bile de \u00c1gua Viva<br><\/strong>Encerre o m\u00eas criando um m\u00f3bile de \u00e1gua viva, celebrando as maravilhas do\u00a0mundo\u00a0aqu\u00e1tico.<\/p>\n","protected":false},"excerpt":{"rendered":"<p>Clube Curitibano organiza uma programa\u00e7\u00e3o completa com o Projeto Viva As f\u00e9rias escolares est\u00e3o chegando ao fim e o Projeto Viva, do Clube Curitibano, organizou uma nova temporada de divers\u00e3o e desenvolvimento. As crian\u00e7as de 4 a 11 anos aprendem por meio de atividades l\u00fadicas. O Projeto Viva envolve quatro \u00e1reas de interesse: divers\u00e3o, criatividade, [&hellip;]<\/p>\n","protected":false},"author":1,"featured_media":1992,"comment_status":"open","ping_status":"open","sticky":false,"template":"","format":"standard","meta":{"footnotes":""},"categories":[148,186],"tags":[],"class_list":["post-1991","post","type-post","status-publish","format-standard","has-post-thumbnail","hentry","category-educacao","category-eventos"],"_links":{"self":[{"href":"https:\/\/diarioparanaense.com\/index.php?rest_route=\/wp\/v2\/posts\/1991","targetHints":{"allow":["GET"]}}],"collection":[{"href":"https:\/\/diarioparanaense.com\/index.php?rest_route=\/wp\/v2\/posts"}],"about":[{"href":"https:\/\/diarioparanaense.com\/index.php?rest_route=\/wp\/v2\/types\/post"}],"author":[{"embeddable":true,"href":"https:\/\/diarioparanaense.com\/index.php?rest_route=\/wp\/v2\/users\/1"}],"replies":[{"embeddable":true,"href":"https:\/\/diarioparanaense.com\/index.php?rest_route=%2Fwp%2Fv2%2Fcomments&post=1991"}],"version-history":[{"count":1,"href":"https:\/\/diarioparanaense.com\/index.php?rest_route=\/wp\/v2\/posts\/1991\/revisions"}],"predecessor-version":[{"id":1993,"href":"https:\/\/diarioparanaense.com\/index.php?rest_route=\/wp\/v2\/posts\/1991\/revisions\/1993"}],"wp:featuredmedia":[{"embeddable":true,"href":"https:\/\/diarioparanaense.com\/index.php?rest_route=\/wp\/v2\/media\/1992"}],"wp:attachment":[{"href":"https:\/\/diarioparanaense.com\/index.php?rest_route=%2Fwp%2Fv2%2Fmedia&parent=1991"}],"wp:term":[{"taxonomy":"category","embeddable":true,"href":"https:\/\/diarioparanaense.com\/index.php?rest_route=%2Fwp%2Fv2%2Fcategories&post=1991"},{"taxonomy":"post_tag","embeddable":true,"href":"https:\/\/diarioparanaense.com\/index.php?rest_route=%2Fwp%2Fv2%2Ftags&post=1991"}],"curies":[{"name":"wp","href":"https:\/\/api.w.org\/{rel}","templated":true}]}}