{"id":1986,"date":"2024-01-19T12:12:04","date_gmt":"2024-01-19T15:12:04","guid":{"rendered":"https:\/\/diarioparanaense.com\/?p=1986"},"modified":"2024-01-19T12:12:04","modified_gmt":"2024-01-19T15:12:04","slug":"banhos-e-mergulhos-frequentes-aumentam-os-quadros-de-otite-externa-no-verao","status":"publish","type":"post","link":"https:\/\/diarioparanaense.com\/?p=1986","title":{"rendered":"Banhos e mergulhos frequentes aumentam os quadros de otite externa no ver\u00e3o"},"content":{"rendered":"\n<p class=\"has-medium-font-size\">Com temperaturas acima dos 35\u00baC no Paran\u00e1, especialista do Hospital IPO indica a\u00e7\u00f5es simples de preven\u00e7\u00e3o para evitar complica\u00e7\u00f5es<\/p>\n\n\n\n<p>Desde dezembro, o ver\u00e3o tem tido o sol e a \u00e1gua como protagonistas. Segundo medi\u00e7\u00f5es do Sistema Meteorol\u00f3gico do Paran\u00e1 (Simepar), as temperaturas t\u00eam ultrapassado a marca dos 35\u00baC na maior parte dos munic\u00edpios paranaenses desde o in\u00edcio da esta\u00e7\u00e3o. Nesse per\u00edodo, \u00e9 preciso ter maiores cuidados ao buscar refresco em piscinas, praias, rios e chuveiros devido ao aumento das ocorr\u00eancias de otite externa.<\/p>\n\n\n\n<p>Segundo o otorrinolaringologista do Hospital IPO, Rodrigo Silveira de Miranda, enquanto a otite m\u00e9dia est\u00e1 atrelada ao ac\u00famulo de catarro no ouvido m\u00e9dio &#8211; atr\u00e1s do t\u00edmpano, a otite externa est\u00e1 ligada diretamente ao registro de \u00e1gua e umidade no ouvido. O quadro se desenvolve, porque a regi\u00e3o da pele do conduto do ouvido externo fica mais suscet\u00edvel \u00e0 a\u00e7\u00e3o de pat\u00f3genos, como as bact\u00e9rias, quando exposto a essas condi\u00e7\u00f5es.<\/p>\n\n\n\n<p>\u201cO cuidado b\u00e1sico pode ser simples. Basta secar sempre os ouvidos de forma delicada e com uma toalha limpa ap\u00f3s entrar em piscinas, rios, mares e, at\u00e9 mesmo, depois de tomar banho. Outro ponto de aten\u00e7\u00e3o, em especial para quem tem cabelo comprido, \u00e9 evitar deix\u00e1-lo solto e molhado por cima da orelha. Sempre que poss\u00edvel, o ideal \u00e9 sec\u00e1-lo ou coloc\u00e1-lo atr\u00e1s da orelha\u201d, aconselha o m\u00e9dico.<\/p>\n\n\n\n<p>A otite externa \u00e9 caracterizada pela dor de ouvido e esse inc\u00f4modo pode se espalhar pela regi\u00e3o da face pr\u00f3xima ao ouvido, al\u00e9m de incluir a sensa\u00e7\u00e3o de ouvido tampado ou entupido. De acordo com o especialista, em muitas ocorr\u00eancias, os pacientes tomam medidas que devem ser evitadas, como a utiliza\u00e7\u00e3o de cotonetes para tentar destampar o ouvido ou, ent\u00e3o, a automedica\u00e7\u00e3o com gotas otol\u00f3gicas.<\/p>\n\n\n\n<p>\u201c\u00c9 importante ressaltar que, antes de tudo, o paciente sempre precisa passar por uma avalia\u00e7\u00e3o m\u00e9dica para definir qual gota otol\u00f3gica deve ser ministrada e, at\u00e9 mesmo, se deve ser inclu\u00eddo no tratamento um medicamento sist\u00eamico como antibi\u00f3ticos ou anti-inflamat\u00f3rios\u201d, prossegue Miranda. O acompanhamento m\u00e9dico \u00e9 fundamental para evitar desdobramentos da otite externa.<\/p>\n\n\n\n<p>O prolongamento da doen\u00e7a pode gerar patologias mais graves e que exigem n\u00e3o somente a utiliza\u00e7\u00e3o de medicamentos sist\u00eamicos, mas tamb\u00e9m internamento hospitalar. \u201cO mais importante \u00e9 insistir na avalia\u00e7\u00e3o m\u00e9dica para identificar e prevenir poss\u00edveis complica\u00e7\u00f5es, como abscessos e casos de otite externa maligna, que \u00e9 uma doen\u00e7a rara, mas que precisa de interna\u00e7\u00e3o e tratamento m\u00e9dico hospitalar sob forte supervis\u00e3o\u201d, finaliza o otorrinolaringologista.<\/p>\n","protected":false},"excerpt":{"rendered":"<p>Com temperaturas acima dos 35\u00baC no Paran\u00e1, especialista do Hospital IPO indica a\u00e7\u00f5es simples de preven\u00e7\u00e3o para evitar complica\u00e7\u00f5es Desde dezembro, o ver\u00e3o tem tido o sol e a \u00e1gua como protagonistas. Segundo medi\u00e7\u00f5es do Sistema Meteorol\u00f3gico do Paran\u00e1 (Simepar), as temperaturas t\u00eam ultrapassado a marca dos 35\u00baC na maior parte dos munic\u00edpios paranaenses desde [&hellip;]<\/p>\n","protected":false},"author":1,"featured_media":1989,"comment_status":"open","ping_status":"open","sticky":false,"template":"","format":"standard","meta":{"footnotes":""},"categories":[164],"tags":[],"class_list":["post-1986","post","type-post","status-publish","format-standard","has-post-thumbnail","hentry","category-saude-2"],"_links":{"self":[{"href":"https:\/\/diarioparanaense.com\/index.php?rest_route=\/wp\/v2\/posts\/1986","targetHints":{"allow":["GET"]}}],"collection":[{"href":"https:\/\/diarioparanaense.com\/index.php?rest_route=\/wp\/v2\/posts"}],"about":[{"href":"https:\/\/diarioparanaense.com\/index.php?rest_route=\/wp\/v2\/types\/post"}],"author":[{"embeddable":true,"href":"https:\/\/diarioparanaense.com\/index.php?rest_route=\/wp\/v2\/users\/1"}],"replies":[{"embeddable":true,"href":"https:\/\/diarioparanaense.com\/index.php?rest_route=%2Fwp%2Fv2%2Fcomments&post=1986"}],"version-history":[{"count":1,"href":"https:\/\/diarioparanaense.com\/index.php?rest_route=\/wp\/v2\/posts\/1986\/revisions"}],"predecessor-version":[{"id":1990,"href":"https:\/\/diarioparanaense.com\/index.php?rest_route=\/wp\/v2\/posts\/1986\/revisions\/1990"}],"wp:featuredmedia":[{"embeddable":true,"href":"https:\/\/diarioparanaense.com\/index.php?rest_route=\/wp\/v2\/media\/1989"}],"wp:attachment":[{"href":"https:\/\/diarioparanaense.com\/index.php?rest_route=%2Fwp%2Fv2%2Fmedia&parent=1986"}],"wp:term":[{"taxonomy":"category","embeddable":true,"href":"https:\/\/diarioparanaense.com\/index.php?rest_route=%2Fwp%2Fv2%2Fcategories&post=1986"},{"taxonomy":"post_tag","embeddable":true,"href":"https:\/\/diarioparanaense.com\/index.php?rest_route=%2Fwp%2Fv2%2Ftags&post=1986"}],"curies":[{"name":"wp","href":"https:\/\/api.w.org\/{rel}","templated":true}]}}