{"id":1973,"date":"2023-12-28T10:27:44","date_gmt":"2023-12-28T13:27:44","guid":{"rendered":"https:\/\/diarioparanaense.com\/?p=1973"},"modified":"2023-12-28T10:27:44","modified_gmt":"2023-12-28T13:27:44","slug":"festas-e-guloseimas-sem-culpa","status":"publish","type":"post","link":"https:\/\/diarioparanaense.com\/?p=1973","title":{"rendered":"Festas e guloseimas sem culpa"},"content":{"rendered":"\n<p class=\"has-medium-font-size\">Especialista em halitose d\u00e1 dicas para um sorriso impec\u00e1vel nas festas de fim de ano<\/p>\n\n\n\n<p>As festas de Natal e Ano Novo s\u00e3o \u00e9pocas repletas de celebra\u00e7\u00f5es, momentos especiais e, \u00e9 claro, deliciosas guloseimas. No entanto, enquanto nos envolvemos nas comemora\u00e7\u00f5es festivas, \u00e9 fundamental n\u00e3o negligenciar a sa\u00fade bucal e priorizar os cuidados odontol\u00f3gicos para garantir um sorriso saud\u00e1vel.<\/p>\n\n\n\n<p>A Dra. Cl\u00e1udia Gobor, dentista especialista em halitose, ressalta a import\u00e2ncia de manter uma rotina consistente de cuidados. &#8220;Se voc\u00ea se cuidou o ano todo, n\u00e3o jogue fora todo o esfor\u00e7o agora. Durante as festas, \u00e9 essencial escovar os dentes pelo menos tr\u00eas vezes ao dia, usando um creme dental com fl\u00faor para remover as bact\u00e9rias que podem levar \u00e0 c\u00e1rie dent\u00e1ria, doen\u00e7as gengivais e mau h\u00e1lito. Al\u00e9m disso, n\u00e3o se esque\u00e7a de utilizar corretamente o fio dental, para retirar os detritos que ficam no meio dos dentes e onde a escova n\u00e3o alcan\u00e7a&#8221;, adverte a especialista.<\/p>\n\n\n\n<p>Um dos principais pontos de aten\u00e7\u00e3o \u00e9 o consumo de doces durante as festas de fim de ano. A Dra. Cl\u00e1udia alerta que o excesso de a\u00e7\u00facar pode ser uma das principais causas de problemas bucais. No entanto, ela destaca que n\u00e3o \u00e9 necess\u00e1rio abrir m\u00e3o das guloseimas, basta tomar alguns cuidados. &#8220;Se voc\u00ea consumir doces, lembre-se de escovar os dentes em at\u00e9 quinze minutos ap\u00f3s o consumo, realizar um enx\u00e1gue com \u00e1gua para eliminar o m\u00e1ximo de res\u00edduos e n\u00e3o esquecer que a l\u00edngua tamb\u00e9m faz parte da boca e deve ser limpa.&#8221;<\/p>\n\n\n\n<p>Outro aspecto relevante \u00e9 o consumo de bebidas alco\u00f3licas, comuns nas comemora\u00e7\u00f5es de fim de ano. A especialista explica que o \u00e1lcool pode contribuir para o surgimento da boca seca, o que pode aumentar o risco de c\u00e1rie dent\u00e1ria e tamb\u00e9m mau h\u00e1lito. Para combater esse efeito, a Dra. Cl\u00e1udia recomenda alternar o consumo de bebidas alco\u00f3licas com a ingest\u00e3o de \u00e1gua para manter a boca hidratada e minimizar os danos \u00e0 sa\u00fade bucal.<\/p>\n\n\n\n<p>Seguindo as valiosas dicas da Dra. Cl\u00e1udia C. Gobor, todos poder\u00e3o aproveitar as festas de fim de ano sem comprometer o bom h\u00e1lito e a higiene. Garantindo uma rotina adequada de cuidados, sua sa\u00fade bucal continuar\u00e1 em dia, e estar\u00e1 preparada para dar as boas-vindas a 2024 com o m\u00e1ximo de confian\u00e7a e bem-estar.<\/p>\n\n\n\n<p>Sobre a Dra. Cl\u00e1udia Gobor<br>Cl\u00e1udia Gobor \u00e9 uma cirurgi\u00e3 dentista altamente qualificada e especialista pelo MEC no tratamento da halitose, tamb\u00e9m conhecida como mau h\u00e1lito. Com vasta experi\u00eancia e conhecimento na \u00e1rea, Dra. Cl\u00e1udia tornou-se uma refer\u00eancia no tratamento desta condi\u00e7\u00e3o, auxiliando seus pacientes a recuperarem a autoestima e confian\u00e7a por meio de um h\u00e1lito fresco e saud\u00e1vel. J\u00e1 exerceu o cargo de presidente e atualmente \u00e9 a diretora executiva da Associa\u00e7\u00e3o Brasileira de Halitose (ABHA), contribuindo para o avan\u00e7o da pesquisa e conscientiza\u00e7\u00e3o sobre esse tema.<\/p>\n\n\n\n<p><strong>Servi\u00e7o: Bom H\u00e1lito Curitiba<\/strong><\/p>\n\n\n\n<p><strong>Dra. Cl\u00e1udia C. Gobor<\/strong><\/p>\n\n\n\n<p>Cirurgi\u00e3 Dentista especialista pelo MEC no tratamento da Halitose<\/p>\n\n\n\n<p>Ex-Presidente e atual Diretora Executiva da Associa\u00e7\u00e3o Brasileira de Halitose<\/p>\n\n\n\n<figure class=\"wp-block-embed is-type-wp-embed is-provider-bom-h-lito-curitiba wp-block-embed-bom-h-lito-curitiba\"><div class=\"wp-block-embed__wrapper\">\n<blockquote class=\"wp-embedded-content\" data-secret=\"nN9b2VX7Ir\"><a href=\"https:\/\/www.bomhalitocuritiba.com.br\/\">Bom H\u00e1lito Curitiba<\/a><\/blockquote><iframe loading=\"lazy\" class=\"wp-embedded-content\" sandbox=\"allow-scripts\" security=\"restricted\" style=\"position: absolute; clip: rect(1px, 1px, 1px, 1px);\" title=\"&#8220;Bom H\u00e1lito Curitiba&#8221; &#8212; Bom H\u00e1lito Curitiba\" src=\"https:\/\/www.bomhalitocuritiba.com.br\/embed\/#?secret=nN9b2VX7Ir\" data-secret=\"nN9b2VX7Ir\" width=\"600\" height=\"338\" frameborder=\"0\" marginwidth=\"0\" marginheight=\"0\" scrolling=\"no\"><\/iframe>\n<\/div><\/figure>\n\n\n\n<p>(41) 3022-3131 | (41) 99977-7087<\/p>\n\n\n\n<p>Redes sociais: Instagram: @bomhalitocuritiba<\/p>\n\n\n\n<p>Facebook: @bomhalitocuritiba<\/p>\n","protected":false},"excerpt":{"rendered":"<p>Especialista em halitose d\u00e1 dicas para um sorriso impec\u00e1vel nas festas de fim de ano As festas de Natal e Ano Novo s\u00e3o \u00e9pocas repletas de celebra\u00e7\u00f5es, momentos especiais e, \u00e9 claro, deliciosas guloseimas. No entanto, enquanto nos envolvemos nas comemora\u00e7\u00f5es festivas, \u00e9 fundamental n\u00e3o negligenciar a sa\u00fade bucal e priorizar os cuidados odontol\u00f3gicos para [&hellip;]<\/p>\n","protected":false},"author":1,"featured_media":1913,"comment_status":"open","ping_status":"open","sticky":false,"template":"","format":"standard","meta":{"footnotes":""},"categories":[164],"tags":[],"class_list":["post-1973","post","type-post","status-publish","format-standard","has-post-thumbnail","hentry","category-saude-2"],"_links":{"self":[{"href":"https:\/\/diarioparanaense.com\/index.php?rest_route=\/wp\/v2\/posts\/1973","targetHints":{"allow":["GET"]}}],"collection":[{"href":"https:\/\/diarioparanaense.com\/index.php?rest_route=\/wp\/v2\/posts"}],"about":[{"href":"https:\/\/diarioparanaense.com\/index.php?rest_route=\/wp\/v2\/types\/post"}],"author":[{"embeddable":true,"href":"https:\/\/diarioparanaense.com\/index.php?rest_route=\/wp\/v2\/users\/1"}],"replies":[{"embeddable":true,"href":"https:\/\/diarioparanaense.com\/index.php?rest_route=%2Fwp%2Fv2%2Fcomments&post=1973"}],"version-history":[{"count":1,"href":"https:\/\/diarioparanaense.com\/index.php?rest_route=\/wp\/v2\/posts\/1973\/revisions"}],"predecessor-version":[{"id":1977,"href":"https:\/\/diarioparanaense.com\/index.php?rest_route=\/wp\/v2\/posts\/1973\/revisions\/1977"}],"wp:featuredmedia":[{"embeddable":true,"href":"https:\/\/diarioparanaense.com\/index.php?rest_route=\/wp\/v2\/media\/1913"}],"wp:attachment":[{"href":"https:\/\/diarioparanaense.com\/index.php?rest_route=%2Fwp%2Fv2%2Fmedia&parent=1973"}],"wp:term":[{"taxonomy":"category","embeddable":true,"href":"https:\/\/diarioparanaense.com\/index.php?rest_route=%2Fwp%2Fv2%2Fcategories&post=1973"},{"taxonomy":"post_tag","embeddable":true,"href":"https:\/\/diarioparanaense.com\/index.php?rest_route=%2Fwp%2Fv2%2Ftags&post=1973"}],"curies":[{"name":"wp","href":"https:\/\/api.w.org\/{rel}","templated":true}]}}