{"id":1969,"date":"2023-12-27T17:33:01","date_gmt":"2023-12-27T20:33:01","guid":{"rendered":"https:\/\/diarioparanaense.com\/?p=1969"},"modified":"2023-12-27T17:33:01","modified_gmt":"2023-12-27T20:33:01","slug":"gabi-phavanello-promessa-do-cenario-musical-de-2024","status":"publish","type":"post","link":"https:\/\/diarioparanaense.com\/?p=1969","title":{"rendered":"Gabi Phavanello, promessa do cen\u00e1rio musical de 2024"},"content":{"rendered":"\n<p>A artista Gabi Phavanello vem conquistando cada vez mais espa\u00e7o no cen\u00e1rio musical, com uma hist\u00f3ria de supera\u00e7\u00e3o e determina\u00e7\u00e3o que inspira a todos que a conhecem. Com influ\u00eancias familiares e um amor pela m\u00fasica desde a inf\u00e2ncia, Gabi encontrou na carreira art\u00edstica uma forma de honrar a mem\u00f3ria de seu pai e de compartilhar seu talento com o mundo.<\/p>\n\n\n\n<p>Com um EP prestes a ser lan\u00e7ado em janeiro, Gabi promete trazer nesse novo trabalho uma pegada de agronejo, pizeiro, arrocha e trap em letras que foram compostas por mim. No agronejo, sua inspira\u00e7\u00e3o \u00e9 o movimento trazido por Ana Castela. Al\u00e9m de Castela, Phavanello tamb\u00e9m tem como inspira\u00e7\u00e3o cantoras como Paula Fernandes e Mar\u00edlia Mendon\u00e7a com suas composi\u00e7\u00f5es que inspiram outras mulheres a acreditarem em si mesmas e em suas capacidades. \u201cMeu primeiro objetivo \u00e9 conseguir lan\u00e7ar esse EP, alcan\u00e7ar muitas pessoas, ganhar notoriedade para me consolidar como artista e aumentar cada vez mais nossa estrutura e o alcance do meu trabalho\u201d, relata a cantora.<\/p>\n\n\n\n<p>Apesar dos desafios e cr\u00edticas enfrentadas no meio musical, Gabi sabe se manter firme em seu prop\u00f3sito, utilizando as cr\u00edticas como combust\u00edvel para melhorar e evoluir a cada apresenta\u00e7\u00e3o. Sua determina\u00e7\u00e3o e trabalho \u00e1rduo a levaram a participar de grandes eventos, conquistar um p\u00fablico fiel e fazendo parcerias importantes em sua carreira.<\/p>\n\n\n\n<p>\u201cO meio art\u00edstico \u00e9 um ambiente que me faz querer me envolver cada vez mais. Tenho tido a sorte de encontrar pessoas que tem me ajudado muito, me dado espa\u00e7o para mostrar o meu trabalho, de trocar experi\u00eancias e at\u00e9 receber elogios e dicas. Ao exemplo do Sebah Vieira que me permitiu subir no palco dele no CNT, casa tradicional de S\u00e3o Paulo, e poder me apresentar para um p\u00fablico t\u00e3o grande, dividindo palco com ele, no mesmo evento que a Joelma, ex-Calipso\u201d, comenta.<\/p>\n\n\n\n<p>A mensagem de Gabi \u00e9 clara: acredite em si mesmo, lute por seus sonhos e nunca desista. \u201cEu vivo m\u00fasica, a m\u00fasica deixa meu dia mais colorido e mais feliz. Al\u00e9m de fazer com que me conecte com meu pai, o que me d\u00e1 combust\u00edvel para lutar todos os dias por meu objetivo\u201d, reflete. Com um talento brilhante e uma hist\u00f3ria inspiradora, Gabi Phavanello est\u00e1 pronta para se destacar no cen\u00e1rio musical e impactar positivamente a vida de muitos atrav\u00e9s de sua m\u00fasica.<\/p>\n\n\n\n<p>Para conhecer mais sobre a artista, siga suas redes sociais:<br>@Gabiphavanello<\/p>\n","protected":false},"excerpt":{"rendered":"<p>A artista Gabi Phavanello vem conquistando cada vez mais espa\u00e7o no cen\u00e1rio musical, com uma hist\u00f3ria de supera\u00e7\u00e3o e determina\u00e7\u00e3o que inspira a todos que a conhecem. Com influ\u00eancias familiares e um amor pela m\u00fasica desde a inf\u00e2ncia, Gabi encontrou na carreira art\u00edstica uma forma de honrar a mem\u00f3ria de seu pai e de compartilhar [&hellip;]<\/p>\n","protected":false},"author":1,"featured_media":1970,"comment_status":"open","ping_status":"open","sticky":false,"template":"","format":"standard","meta":{"footnotes":""},"categories":[27],"tags":[],"class_list":["post-1969","post","type-post","status-publish","format-standard","has-post-thumbnail","hentry","category-musica"],"_links":{"self":[{"href":"https:\/\/diarioparanaense.com\/index.php?rest_route=\/wp\/v2\/posts\/1969","targetHints":{"allow":["GET"]}}],"collection":[{"href":"https:\/\/diarioparanaense.com\/index.php?rest_route=\/wp\/v2\/posts"}],"about":[{"href":"https:\/\/diarioparanaense.com\/index.php?rest_route=\/wp\/v2\/types\/post"}],"author":[{"embeddable":true,"href":"https:\/\/diarioparanaense.com\/index.php?rest_route=\/wp\/v2\/users\/1"}],"replies":[{"embeddable":true,"href":"https:\/\/diarioparanaense.com\/index.php?rest_route=%2Fwp%2Fv2%2Fcomments&post=1969"}],"version-history":[{"count":1,"href":"https:\/\/diarioparanaense.com\/index.php?rest_route=\/wp\/v2\/posts\/1969\/revisions"}],"predecessor-version":[{"id":1971,"href":"https:\/\/diarioparanaense.com\/index.php?rest_route=\/wp\/v2\/posts\/1969\/revisions\/1971"}],"wp:featuredmedia":[{"embeddable":true,"href":"https:\/\/diarioparanaense.com\/index.php?rest_route=\/wp\/v2\/media\/1970"}],"wp:attachment":[{"href":"https:\/\/diarioparanaense.com\/index.php?rest_route=%2Fwp%2Fv2%2Fmedia&parent=1969"}],"wp:term":[{"taxonomy":"category","embeddable":true,"href":"https:\/\/diarioparanaense.com\/index.php?rest_route=%2Fwp%2Fv2%2Fcategories&post=1969"},{"taxonomy":"post_tag","embeddable":true,"href":"https:\/\/diarioparanaense.com\/index.php?rest_route=%2Fwp%2Fv2%2Ftags&post=1969"}],"curies":[{"name":"wp","href":"https:\/\/api.w.org\/{rel}","templated":true}]}}