{"id":1966,"date":"2023-12-26T13:55:10","date_gmt":"2023-12-26T16:55:10","guid":{"rendered":"https:\/\/diarioparanaense.com\/?p=1966"},"modified":"2023-12-26T13:55:11","modified_gmt":"2023-12-26T16:55:11","slug":"clube-curitibano-promove-festa-de-reveillon-2024-na-sede-barao","status":"publish","type":"post","link":"https:\/\/diarioparanaense.com\/?p=1966","title":{"rendered":"Clube Curitibano promove festa de R\u00e9veillon 2024 na Sede Bar\u00e3o"},"content":{"rendered":"\n<blockquote class=\"wp-block-quote is-layout-flow wp-block-quote-is-layout-flow\">\n<p>O tema evidencia equil\u00edbrio e harmonia para um pr\u00f3ximo ano pr\u00f3spero<\/p>\n<\/blockquote>\n\n\n\n<p>O Clube Curitibano ir\u00e1 celebrar a chegada de 2024 no Sal\u00e3o Rubens Arles Bettega, na Sede Bar\u00e3o, no dia 31 de dezembro. Este ano, a festa de R\u00e9veillon conta com um tema que tem como foco trabalhar com as cores que promovem o equil\u00edbrio e a harmonia. Al\u00e9m das diversas cores cobrindo todo o Sal\u00e3o, os mais de 900 associados e convidados ir\u00e3o ter uma ceia, atra\u00e7\u00f5es musicais, bandas e o tradicional show de fogos.<\/p>\n\n\n\n<p>\u201cO R\u00e9veillon \u00e9 uma comemora\u00e7\u00e3o da passagem de ano e uma \u00f3tima maneira de refletir sobre os sonhos e objetivos e como se organizar para realiz\u00e1-los. O Clube comemora essa festa de encerramento h\u00e1 anos e \u00e9 uma noite animada e divertida que proporciona alegria, uni\u00e3o e esperan\u00e7a para a nossa comunidade\u201d, relata o Presidente do Clube Curitibano Paulo Roberto Oliveira.<\/p>\n\n\n\n<p>Para a inclus\u00e3o de todas as idades, o Clube oferecer\u00e1 diversas atividades. Com recrea\u00e7\u00e3o, lanches e bebidas, os menores de 3 anos v\u00e3o poder aproveitar o hotelzinho, onde poder\u00e3o repousar durante o R\u00e9veillon. J\u00e1 as crian\u00e7as e adolescentes, ir\u00e3o poder aproveitar diversas brincadeiras, jogos, brinquedos infl\u00e1veis, cama el\u00e1stica, piscina de bolinha, entre outros.<\/p>\n\n\n\n<p>Os adultos v\u00e3o curtir a noite com a cantora de samba Amanda Cortes e, ap\u00f3s a queima de fogos, que acontecer\u00e1 na \u00e1rea da piscina recreativa, a banda Sem Limite assumir\u00e1 o palco para tocar sucessos de&nbsp;v\u00e1rios&nbsp;estilos.<\/p>\n","protected":false},"excerpt":{"rendered":"<p>O tema evidencia equil\u00edbrio e harmonia para um pr\u00f3ximo ano pr\u00f3spero O Clube Curitibano ir\u00e1 celebrar a chegada de 2024 no Sal\u00e3o Rubens Arles Bettega, na Sede Bar\u00e3o, no dia 31 de dezembro. Este ano, a festa de R\u00e9veillon conta com um tema que tem como foco trabalhar com as cores que promovem o equil\u00edbrio [&hellip;]<\/p>\n","protected":false},"author":1,"featured_media":1967,"comment_status":"open","ping_status":"open","sticky":false,"template":"","format":"standard","meta":{"footnotes":""},"categories":[424],"tags":[],"class_list":["post-1966","post","type-post","status-publish","format-standard","has-post-thumbnail","hentry","category-curitiba"],"_links":{"self":[{"href":"https:\/\/diarioparanaense.com\/index.php?rest_route=\/wp\/v2\/posts\/1966","targetHints":{"allow":["GET"]}}],"collection":[{"href":"https:\/\/diarioparanaense.com\/index.php?rest_route=\/wp\/v2\/posts"}],"about":[{"href":"https:\/\/diarioparanaense.com\/index.php?rest_route=\/wp\/v2\/types\/post"}],"author":[{"embeddable":true,"href":"https:\/\/diarioparanaense.com\/index.php?rest_route=\/wp\/v2\/users\/1"}],"replies":[{"embeddable":true,"href":"https:\/\/diarioparanaense.com\/index.php?rest_route=%2Fwp%2Fv2%2Fcomments&post=1966"}],"version-history":[{"count":1,"href":"https:\/\/diarioparanaense.com\/index.php?rest_route=\/wp\/v2\/posts\/1966\/revisions"}],"predecessor-version":[{"id":1968,"href":"https:\/\/diarioparanaense.com\/index.php?rest_route=\/wp\/v2\/posts\/1966\/revisions\/1968"}],"wp:featuredmedia":[{"embeddable":true,"href":"https:\/\/diarioparanaense.com\/index.php?rest_route=\/wp\/v2\/media\/1967"}],"wp:attachment":[{"href":"https:\/\/diarioparanaense.com\/index.php?rest_route=%2Fwp%2Fv2%2Fmedia&parent=1966"}],"wp:term":[{"taxonomy":"category","embeddable":true,"href":"https:\/\/diarioparanaense.com\/index.php?rest_route=%2Fwp%2Fv2%2Fcategories&post=1966"},{"taxonomy":"post_tag","embeddable":true,"href":"https:\/\/diarioparanaense.com\/index.php?rest_route=%2Fwp%2Fv2%2Ftags&post=1966"}],"curies":[{"name":"wp","href":"https:\/\/api.w.org\/{rel}","templated":true}]}}