{"id":1962,"date":"2023-12-20T16:08:39","date_gmt":"2023-12-20T19:08:39","guid":{"rendered":"https:\/\/diarioparanaense.com\/?p=1962"},"modified":"2023-12-20T16:08:39","modified_gmt":"2023-12-20T19:08:39","slug":"conselho-administrativo-do-hospital-ipo-apresenta-novo-ceo","status":"publish","type":"post","link":"https:\/\/diarioparanaense.com\/?p=1962","title":{"rendered":"Conselho administrativo do Hospital IPO apresenta novo CEO"},"content":{"rendered":"\n<p class=\"has-medium-font-size\">C\u00e9sar Paim tem passagem por renomadas institui\u00e7\u00f5es de sa\u00fade do pa\u00eds; novos projetos do IPO ser\u00e3o apresentados a partir de janeiro<\/p>\n\n\n\n<p>O Conselho Administrativo do Hospital IPO anunciou a nova diretoria da institui\u00e7\u00e3o durante o evento de encerramento do programa de Fellowship 2023, realizado no Hotel Rayon, em Curitiba.<\/p>\n\n\n\n<p>C\u00e9sar Paim, o novo CEO, chega ao Hospital com a miss\u00e3o de profissionalizar a gest\u00e3o, informatizar os processos entre m\u00e9dico e pacientes, planejar investimentos e melhorar a experi\u00eancia do atendimento na institui\u00e7\u00e3o, que \u00e9 uma refer\u00eancia nacional em otorrinolaringologia, que completou 31 anos de funda\u00e7\u00e3o e conta atualmente com 50 mil atendimentos \/ m\u00eas.<\/p>\n\n\n\n<p>Doutor Marcos Mocellin, presidente do Conselho Administrativo, refor\u00e7a o novo posicionamento e mote da institui\u00e7\u00e3o: \u201cTradi\u00e7\u00e3o, Tecnologia e Sa\u00fade. Um novo IPO para voc\u00ea!\u201d. J\u00e1 o Diretor T\u00e9cnico do Hospital, Doutor Evaldo Macedo, ressalta as novidades para 2024. \u201cO Hospital sempre foi um exemplo de muito sucesso, mas agora mostraremos uma nova formata\u00e7\u00e3o pensando no corpo cl\u00ednico, na jornada do nosso paciente e novos conceitos administrativos\u201d, aponta.<\/p>\n\n\n\n<p>Durante a apresenta\u00e7\u00e3o, Paim falou sobre o planejamento para 2024, que inclui 73 projetos e que v\u00e3o desde aprimorar modelos de gest\u00e3o, trazer melhorias a espa\u00e7os f\u00edsicos, como tamb\u00e9m potencializar \u00e1reas de ensino e pesquisa, como o programa&nbsp;Fellowship.<\/p>\n","protected":false},"excerpt":{"rendered":"<p>C\u00e9sar Paim tem passagem por renomadas institui\u00e7\u00f5es de sa\u00fade do pa\u00eds; novos projetos do IPO ser\u00e3o apresentados a partir de janeiro O Conselho Administrativo do Hospital IPO anunciou a nova diretoria da institui\u00e7\u00e3o durante o evento de encerramento do programa de Fellowship 2023, realizado no Hotel Rayon, em Curitiba. C\u00e9sar Paim, o novo CEO, chega [&hellip;]<\/p>\n","protected":false},"author":1,"featured_media":1963,"comment_status":"open","ping_status":"open","sticky":false,"template":"","format":"standard","meta":{"footnotes":""},"categories":[424],"tags":[],"class_list":["post-1962","post","type-post","status-publish","format-standard","has-post-thumbnail","hentry","category-curitiba"],"_links":{"self":[{"href":"https:\/\/diarioparanaense.com\/index.php?rest_route=\/wp\/v2\/posts\/1962","targetHints":{"allow":["GET"]}}],"collection":[{"href":"https:\/\/diarioparanaense.com\/index.php?rest_route=\/wp\/v2\/posts"}],"about":[{"href":"https:\/\/diarioparanaense.com\/index.php?rest_route=\/wp\/v2\/types\/post"}],"author":[{"embeddable":true,"href":"https:\/\/diarioparanaense.com\/index.php?rest_route=\/wp\/v2\/users\/1"}],"replies":[{"embeddable":true,"href":"https:\/\/diarioparanaense.com\/index.php?rest_route=%2Fwp%2Fv2%2Fcomments&post=1962"}],"version-history":[{"count":1,"href":"https:\/\/diarioparanaense.com\/index.php?rest_route=\/wp\/v2\/posts\/1962\/revisions"}],"predecessor-version":[{"id":1964,"href":"https:\/\/diarioparanaense.com\/index.php?rest_route=\/wp\/v2\/posts\/1962\/revisions\/1964"}],"wp:featuredmedia":[{"embeddable":true,"href":"https:\/\/diarioparanaense.com\/index.php?rest_route=\/wp\/v2\/media\/1963"}],"wp:attachment":[{"href":"https:\/\/diarioparanaense.com\/index.php?rest_route=%2Fwp%2Fv2%2Fmedia&parent=1962"}],"wp:term":[{"taxonomy":"category","embeddable":true,"href":"https:\/\/diarioparanaense.com\/index.php?rest_route=%2Fwp%2Fv2%2Fcategories&post=1962"},{"taxonomy":"post_tag","embeddable":true,"href":"https:\/\/diarioparanaense.com\/index.php?rest_route=%2Fwp%2Fv2%2Ftags&post=1962"}],"curies":[{"name":"wp","href":"https:\/\/api.w.org\/{rel}","templated":true}]}}