{"id":1959,"date":"2023-12-19T16:58:14","date_gmt":"2023-12-19T19:58:14","guid":{"rendered":"https:\/\/diarioparanaense.com\/?p=1959"},"modified":"2023-12-19T16:58:15","modified_gmt":"2023-12-19T19:58:15","slug":"restaurante-baviera-recebe-homenagem-na-cmc-por-sua-decoracao-de-natal","status":"publish","type":"post","link":"https:\/\/diarioparanaense.com\/?p=1959","title":{"rendered":"Restaurante Baviera recebe homenagem na CMC por sua decora\u00e7\u00e3o de Natal"},"content":{"rendered":"\n<p class=\"has-medium-font-size\">Restaurante pode entrar oficialmente para o circuito natalino da cidade em 2024<\/p>\n\n\n\n<p>Nesta segunda-feira, 18, o tradicional Baviera recebeu uma homenagem na C\u00e2mara Municipal de Curitiba devido \u00e0 bel\u00edssima decora\u00e7\u00e3o natalina que enfeita e ilumina o ambiente do cinquenten\u00e1rio restaurante &#8211; marca completada em 2022. S\u00e3o mais de 500 metros de luzes de led, folhas, flores desidratadas, galhos e bolas de pinha compondo a decora\u00e7\u00e3o luminosa.<\/p>\n\n\n\n<p>Os propriet\u00e1rios do estabelecimento, M\u00e1rcio Borges e Thayana Hey, receberam a homenagem das m\u00e3os do vereador Professor Euler, que afirma que a decora\u00e7\u00e3o de Natal merece ser visitada e inclu\u00edda no circuito natalino de Curitiba, estimulando o turismo e a gera\u00e7\u00e3o de empregos na capital do Estado. A indica\u00e7\u00e3o foi aprovada por unanimidade pelos 38 vereadores da C\u00e2mara Municipal.<\/p>\n\n\n\n<p>O restaurante, em seus 51 anos de atendimento ininterrupto, mant\u00e9m o card\u00e1pio e a arquitetura originais. \u201cA inten\u00e7\u00e3o era entregar um ambiente confort\u00e1vel e encantador para todos, trazendo \u00e0 tona mem\u00f3rias das noites de Natal da inf\u00e2ncia e relembrar a riqueza das tradi\u00e7\u00f5es germ\u00e2nicas. Estamos muito felizes com esse reconhecimento\u201d, afirmou M\u00e1rcio Borges ao receber a homenagem das m\u00e3os do vereador.<\/p>\n\n\n\n<p>O Baviera fica na Rua Augusto Stellfeld, n\u00famero 18, no Centro Hist\u00f3rico. A casa funciona todos os dias, de segunda \u00e0 quinta, das 11h30 \u00e0s 15h e das 18h \u00e0s 0h; sextas, s\u00e1bados, domingo e feriados das 11h30 \u00e0s 15h&nbsp;e&nbsp;das&nbsp;18h&nbsp;\u00e0&nbsp;1h.<\/p>\n","protected":false},"excerpt":{"rendered":"<p>Restaurante pode entrar oficialmente para o circuito natalino da cidade em 2024 Nesta segunda-feira, 18, o tradicional Baviera recebeu uma homenagem na C\u00e2mara Municipal de Curitiba devido \u00e0 bel\u00edssima decora\u00e7\u00e3o natalina que enfeita e ilumina o ambiente do cinquenten\u00e1rio restaurante &#8211; marca completada em 2022. S\u00e3o mais de 500 metros de luzes de led, folhas, [&hellip;]<\/p>\n","protected":false},"author":1,"featured_media":1960,"comment_status":"open","ping_status":"open","sticky":false,"template":"","format":"standard","meta":{"footnotes":""},"categories":[424],"tags":[],"class_list":["post-1959","post","type-post","status-publish","format-standard","has-post-thumbnail","hentry","category-curitiba"],"_links":{"self":[{"href":"https:\/\/diarioparanaense.com\/index.php?rest_route=\/wp\/v2\/posts\/1959","targetHints":{"allow":["GET"]}}],"collection":[{"href":"https:\/\/diarioparanaense.com\/index.php?rest_route=\/wp\/v2\/posts"}],"about":[{"href":"https:\/\/diarioparanaense.com\/index.php?rest_route=\/wp\/v2\/types\/post"}],"author":[{"embeddable":true,"href":"https:\/\/diarioparanaense.com\/index.php?rest_route=\/wp\/v2\/users\/1"}],"replies":[{"embeddable":true,"href":"https:\/\/diarioparanaense.com\/index.php?rest_route=%2Fwp%2Fv2%2Fcomments&post=1959"}],"version-history":[{"count":1,"href":"https:\/\/diarioparanaense.com\/index.php?rest_route=\/wp\/v2\/posts\/1959\/revisions"}],"predecessor-version":[{"id":1961,"href":"https:\/\/diarioparanaense.com\/index.php?rest_route=\/wp\/v2\/posts\/1959\/revisions\/1961"}],"wp:featuredmedia":[{"embeddable":true,"href":"https:\/\/diarioparanaense.com\/index.php?rest_route=\/wp\/v2\/media\/1960"}],"wp:attachment":[{"href":"https:\/\/diarioparanaense.com\/index.php?rest_route=%2Fwp%2Fv2%2Fmedia&parent=1959"}],"wp:term":[{"taxonomy":"category","embeddable":true,"href":"https:\/\/diarioparanaense.com\/index.php?rest_route=%2Fwp%2Fv2%2Fcategories&post=1959"},{"taxonomy":"post_tag","embeddable":true,"href":"https:\/\/diarioparanaense.com\/index.php?rest_route=%2Fwp%2Fv2%2Ftags&post=1959"}],"curies":[{"name":"wp","href":"https:\/\/api.w.org\/{rel}","templated":true}]}}