{"id":1956,"date":"2023-12-19T16:09:12","date_gmt":"2023-12-19T19:09:12","guid":{"rendered":"https:\/\/diarioparanaense.com\/?p=1956"},"modified":"2023-12-19T16:09:13","modified_gmt":"2023-12-19T19:09:13","slug":"grupo-apolar-inaugura-franquia-em-itapema-durante-alta-temporada","status":"publish","type":"post","link":"https:\/\/diarioparanaense.com\/?p=1956","title":{"rendered":"Grupo Apolar inaugura franquia em Itapema durante alta temporada"},"content":{"rendered":"\n<p class=\"has-medium-font-size\">Com mais de 70 lojas em funcionamento, o movimento fomenta a previs\u00e3o de crescimento de 40% do grupo at\u00e9 2024<\/p>\n\n\n\n<p>Itapema, uma das cidades mais procuradas por turistas no litoral catarinense, est\u00e1 com uma alta expectativa para o aluguel de temporada neste fim de ano. A cidade, com cerca de 70 mil habitantes, recebe mais de 500 mil visitantes na alta temporada, segundo a Secretaria de Turismo de Itapema.<br>Para quem deseja investir em um im\u00f3vel na cidade, o mercado imobili\u00e1rio de Itapema tamb\u00e9m est\u00e1 em alta. Segundo o \u00cdndice Fipezap, a cidade teve uma valoriza\u00e7\u00e3o de 13,65% no \u00faltimo ano, sendo a maior do pa\u00eds. O pre\u00e7o m\u00e9dio do metro quadrado residencial na cidade \u00e9 de R$ 7.210,00, de acordo com o site Apolar, que tem mais de 600 im\u00f3veis \u00e0 venda em Itapema.<\/p>\n\n\n\n<p><br>Adriane Xavier, franqueadora da Apolar em Itapema, afirma que a cidade tem um grande potencial para o setor imobili\u00e1rio, tanto para moradia quanto para investimento. \u201cItapema \u00e9 uma cidade que encanta pela sua beleza natural, pela sua qualidade de vida e pela sua localiza\u00e7\u00e3o privilegiada. Temos im\u00f3veis para todos os gostos e bolsos, desde apartamentos na quadra do mar at\u00e9 casas com piscina privativa. Muitos turistas que v\u00eam para o litoral aproveitar as f\u00e9rias e as festas de fim de ano acabam se apaixonando pela cidade e decidem comprar uma casa de veraneio, pois j\u00e1 que est\u00e3o na praia aproveitam para procurar um im\u00f3vel para os pr\u00f3ximos anos\u201d, diz Adriane.<\/p>\n\n\n\n<p><br>Uma das vantagens de alugar um im\u00f3vel em Itapema \u00e9 a possibilidade de conhecer outras cidades pr\u00f3ximas, como Balne\u00e1rio Cambori\u00fa, Bombinhas, Porto Belo e Florian\u00f3polis, que ficam a poucos quil\u00f4metros de dist\u00e2ncia e tamb\u00e9m t\u00eam atrativos tur\u00edsticos.<\/p>\n\n\n\n<p><strong>Expans\u00e3o<\/strong><br>Com o prop\u00f3sito de trazer solu\u00e7\u00f5es para o mercado imobili\u00e1rio no Paran\u00e1 e em Santa Catarina, a Apolar Im\u00f3veis inaugurou mais uma franquia e, at\u00e9 o final de 2024, a marca deve chegar a 100 unidades de venda e loca\u00e7\u00e3o. A previs\u00e3o de crescimento, da ordem de 40%, faz parte do projeto de expans\u00e3o da rede de franquias, que \u00e9 uma das l\u00edderes no setor imobili\u00e1rio e conta com mais de 50 anos de experi\u00eancia\u00a0no\u00a0mercado.<\/p>\n","protected":false},"excerpt":{"rendered":"<p>Com mais de 70 lojas em funcionamento, o movimento fomenta a previs\u00e3o de crescimento de 40% do grupo at\u00e9 2024 Itapema, uma das cidades mais procuradas por turistas no litoral catarinense, est\u00e1 com uma alta expectativa para o aluguel de temporada neste fim de ano. A cidade, com cerca de 70 mil habitantes, recebe mais [&hellip;]<\/p>\n","protected":false},"author":1,"featured_media":1957,"comment_status":"open","ping_status":"open","sticky":false,"template":"","format":"standard","meta":{"footnotes":""},"categories":[324],"tags":[],"class_list":["post-1956","post","type-post","status-publish","format-standard","has-post-thumbnail","hentry","category-negocios"],"_links":{"self":[{"href":"https:\/\/diarioparanaense.com\/index.php?rest_route=\/wp\/v2\/posts\/1956","targetHints":{"allow":["GET"]}}],"collection":[{"href":"https:\/\/diarioparanaense.com\/index.php?rest_route=\/wp\/v2\/posts"}],"about":[{"href":"https:\/\/diarioparanaense.com\/index.php?rest_route=\/wp\/v2\/types\/post"}],"author":[{"embeddable":true,"href":"https:\/\/diarioparanaense.com\/index.php?rest_route=\/wp\/v2\/users\/1"}],"replies":[{"embeddable":true,"href":"https:\/\/diarioparanaense.com\/index.php?rest_route=%2Fwp%2Fv2%2Fcomments&post=1956"}],"version-history":[{"count":1,"href":"https:\/\/diarioparanaense.com\/index.php?rest_route=\/wp\/v2\/posts\/1956\/revisions"}],"predecessor-version":[{"id":1958,"href":"https:\/\/diarioparanaense.com\/index.php?rest_route=\/wp\/v2\/posts\/1956\/revisions\/1958"}],"wp:featuredmedia":[{"embeddable":true,"href":"https:\/\/diarioparanaense.com\/index.php?rest_route=\/wp\/v2\/media\/1957"}],"wp:attachment":[{"href":"https:\/\/diarioparanaense.com\/index.php?rest_route=%2Fwp%2Fv2%2Fmedia&parent=1956"}],"wp:term":[{"taxonomy":"category","embeddable":true,"href":"https:\/\/diarioparanaense.com\/index.php?rest_route=%2Fwp%2Fv2%2Fcategories&post=1956"},{"taxonomy":"post_tag","embeddable":true,"href":"https:\/\/diarioparanaense.com\/index.php?rest_route=%2Fwp%2Fv2%2Ftags&post=1956"}],"curies":[{"name":"wp","href":"https:\/\/api.w.org\/{rel}","templated":true}]}}