{"id":1947,"date":"2023-12-19T08:17:20","date_gmt":"2023-12-19T11:17:20","guid":{"rendered":"https:\/\/diarioparanaense.com\/?p=1947"},"modified":"2023-12-19T08:17:20","modified_gmt":"2023-12-19T11:17:20","slug":"bom-gosto-e-mumuzinho-lancam-de-outro-planeta","status":"publish","type":"post","link":"https:\/\/diarioparanaense.com\/?p=1947","title":{"rendered":"Bom Gosto e Mumuzinho lan\u00e7am \u201cDe Outro Planeta\u201d"},"content":{"rendered":"\n<p class=\"has-medium-font-size\">Faixa que chega nesta sexta-feira (15) \u00e9 destaque do bloco 5 do audiovisual \u201cGuer\u00eaGuer\u00ea\u201d e encerra os lan\u00e7amentos do grupo neste ano<\/p>\n\n\n\n<p>Encerrando o ano de 2023 com chave de ouro, Bom Gosto chega nesta sexta-feira (15) com o bloco 5 do projeto audiovisual \u201cGuer\u00eaGuer\u00ea\u201d. Este lan\u00e7amento conta com a parceria entre o grupo e Mumuzinho na faixa \u201cDe Outro Planeta\u201d. A novidade est\u00e1 dispon\u00edvel em todas as plataformas digitais e YouTube.<\/p>\n\n\n\n<p>A can\u00e7\u00e3o narra uma declara\u00e7\u00e3o de amor e, com certeza, ser\u00e1 a m\u00fasica tema de muitos casais por a\u00ed. Al\u00e9m disso, conta com um refr\u00e3o, que promete ficar na boca galera. \u201cEu j\u00e1 tentei \u00e9 s\u00e9rio\/ Deus sabe como eu quero te decifrar mais ainda n\u00e3o sei J\u00e1 procurei no Aur\u00e9lio\/ Busquei no evangelho\/ Mas a palavra certa n\u00e3o achei\u201d, cantam os artistas.<\/p>\n\n\n\n<p>\u201cO bloco 5 do Guer\u00eaguer\u00ea est\u00e1 simplesmente e literalmente De Outro Planeta! Nesse bloco, a gente tem a participa\u00e7\u00e3o do Mumuzinho, nessa m\u00fasica in\u00e9dita, que \u00e9 uma das minhas preferidas desse projeto. Ele \u00e9 um amigo nosso de longa data que somou com a gente nessa participa\u00e7\u00e3o mais que especial\u201d, destacou Be\u00e7a.<\/p>\n\n\n\n<p>O Bloco 5 tamb\u00e9m conta com as faixas \u201c18 Quilates\u201d e \u201cDeixa Meu Cabelo\u201d, que comp\u00f5em o bloco do cantor Feyj\u00e3o. \u201cFeyj\u00e3o \u00e9 uma grande revela\u00e7\u00e3o do nosso samba. Ele interpretou lindamente as m\u00fasicas &#8217;18 quilates&#8217; e &#8216;Deixa Meu Cabelo&#8217;. Fiquem na atividade a\u00ed e ou\u00e7am muito!\u201d, completa Be\u00e7a.<\/p>\n\n\n\n<p>A pen\u00faltima parte deste projeto gravado no Rio de Janeiro durante a label que leva o mesmo nome reuniu uma rica diversidade de estilos musicais, fazendo com que o repert\u00f3rio ficasse ainda mais especial. Al\u00e9m de Mumuzinho e Feyj\u00e3o, Bom Gosto completou o time de participa\u00e7\u00f5es com Delacruz, Akatu, Ana Clara, Thais Macedo, Grupo Envolv\u00eancia, Grupo Presen\u00e7a, Balacobaco, Julio Sereno e Vitinho. O \u00faltimo bloco do audiovisual ser\u00e1 divulgado&nbsp;em&nbsp;janeiro.<\/p>\n","protected":false},"excerpt":{"rendered":"<p>Faixa que chega nesta sexta-feira (15) \u00e9 destaque do bloco 5 do audiovisual \u201cGuer\u00eaGuer\u00ea\u201d e encerra os lan\u00e7amentos do grupo neste ano Encerrando o ano de 2023 com chave de ouro, Bom Gosto chega nesta sexta-feira (15) com o bloco 5 do projeto audiovisual \u201cGuer\u00eaGuer\u00ea\u201d. Este lan\u00e7amento conta com a parceria entre o grupo e [&hellip;]<\/p>\n","protected":false},"author":1,"featured_media":1948,"comment_status":"open","ping_status":"open","sticky":false,"template":"","format":"standard","meta":{"footnotes":""},"categories":[27],"tags":[],"class_list":["post-1947","post","type-post","status-publish","format-standard","has-post-thumbnail","hentry","category-musica"],"_links":{"self":[{"href":"https:\/\/diarioparanaense.com\/index.php?rest_route=\/wp\/v2\/posts\/1947","targetHints":{"allow":["GET"]}}],"collection":[{"href":"https:\/\/diarioparanaense.com\/index.php?rest_route=\/wp\/v2\/posts"}],"about":[{"href":"https:\/\/diarioparanaense.com\/index.php?rest_route=\/wp\/v2\/types\/post"}],"author":[{"embeddable":true,"href":"https:\/\/diarioparanaense.com\/index.php?rest_route=\/wp\/v2\/users\/1"}],"replies":[{"embeddable":true,"href":"https:\/\/diarioparanaense.com\/index.php?rest_route=%2Fwp%2Fv2%2Fcomments&post=1947"}],"version-history":[{"count":1,"href":"https:\/\/diarioparanaense.com\/index.php?rest_route=\/wp\/v2\/posts\/1947\/revisions"}],"predecessor-version":[{"id":1949,"href":"https:\/\/diarioparanaense.com\/index.php?rest_route=\/wp\/v2\/posts\/1947\/revisions\/1949"}],"wp:featuredmedia":[{"embeddable":true,"href":"https:\/\/diarioparanaense.com\/index.php?rest_route=\/wp\/v2\/media\/1948"}],"wp:attachment":[{"href":"https:\/\/diarioparanaense.com\/index.php?rest_route=%2Fwp%2Fv2%2Fmedia&parent=1947"}],"wp:term":[{"taxonomy":"category","embeddable":true,"href":"https:\/\/diarioparanaense.com\/index.php?rest_route=%2Fwp%2Fv2%2Fcategories&post=1947"},{"taxonomy":"post_tag","embeddable":true,"href":"https:\/\/diarioparanaense.com\/index.php?rest_route=%2Fwp%2Fv2%2Ftags&post=1947"}],"curies":[{"name":"wp","href":"https:\/\/api.w.org\/{rel}","templated":true}]}}