{"id":1944,"date":"2023-12-19T08:14:48","date_gmt":"2023-12-19T11:14:48","guid":{"rendered":"https:\/\/diarioparanaense.com\/?p=1944"},"modified":"2023-12-19T08:14:48","modified_gmt":"2023-12-19T11:14:48","slug":"watch-brasil-celebra-cinco-anos-e-encerra-o-ano-com-encontro-de-funcionarios-em-curitiba","status":"publish","type":"post","link":"https:\/\/diarioparanaense.com\/?p=1944","title":{"rendered":"Watch Brasil celebra cinco anos e encerra o ano com encontro de funcion\u00e1rios em Curitiba"},"content":{"rendered":"\n<p>A Watch Brasil, principal hub de conte\u00fado para provedores de internet no Brasil, celebrou n\u00e3o apenas o encerramento de mais um ano de conquistas e excelentes resultados, mas tamb\u00e9m seu quinto anivers\u00e1rio em um encontro que reuniu seus funcion\u00e1rios de todo o pa\u00eds. O evento, que ocorreu em Curitiba, contou com a presen\u00e7a de colaboradores das sedes de da capital paranaense, Manaus e S\u00e3o Paulo, fortalecendo os la\u00e7os da equipe em um ambiente festivo e colaborativo.<\/p>\n\n\n\n<p>O encontro finalizou um ano de muita inova\u00e7\u00e3o, compromisso e excel\u00eancia da Watch Brasil. &#8220;A presen\u00e7a dos colaboradores de diferentes regi\u00f5es do Brasil reflete a uni\u00e3o e a diversidade que fazem parte do nosso DNA, mostrando como a empresa se tornou um ponto de converg\u00eancia para talentos de todo o pa\u00eds, que fazem parte da cria\u00e7\u00e3o de um produto que tem a cara do Brasil&#8221;, analisa Maur\u00edcio Almeida, presidente da empresa.<\/p>\n\n\n\n<p>Durante o evento, houve momentos de integra\u00e7\u00e3o, compartilhamento de experi\u00eancias e reconhecimento do esfor\u00e7o coletivo que impulsionou o crescimento cont\u00ednuo da empresa ao longo dos \u00faltimos cinco anos, al\u00e9m de uma festa \u00e0 fantasia para encerrar o encontro de forma divertida.<\/p>\n\n\n\n<p>&#8220;A celebra\u00e7\u00e3o dos cinco anos da Watch Brasil \u00e9 um marco significativo em nossa jornada. Somos muito gratos pela dedica\u00e7\u00e3o e empenho de nossa equipe, cujo compromisso tem sido fundamental para nosso sucesso&#8221;, afirmou Carlos Mendes, CEO da Watch Brasil. &#8220;Este encontro de fim de ano n\u00e3o apenas encerra 2023 de maneira memor\u00e1vel, mas tamb\u00e9m nos inspira a olhar para um 2024 com entusiasmo, foco e determina\u00e7\u00e3o&#8221;, finaliza.<\/p>\n\n\n\n<p class=\"has-medium-font-size\">Sobre a Watch Brasil<\/p>\n\n\n\n<p>Lan\u00e7ada em outubro de 2018 e sediada em Curitiba, a Watch Brasil \u00e9 um hub de conte\u00fado que oferece aos provedores de servi\u00e7os de Internet a possibilidade de trabalhar com multim\u00eddia e fornecer assinaturas de s\u00e9ries e filmes dos maiores e melhores est\u00fadios, incluindo os de Hollywood, al\u00e9m de aluguel por 48h dos \u00faltimos lan\u00e7amentos em filmes. A empresa oferece mais de 30 mil horas de conte\u00fado e t\u00edtulos do Paramount +, MTV, Comedy Central, Nickelodeon, Universal e Warner, entre outros. No marketplace, a empresa tem pacotes como Globo (canais fechados, abertos e pay per &#8211; view), HBO Max, DGO, UOL Leia + Banca e um pacote com mais de 50 canais lineares que inclui Band, Band Sports, Band News, Terra Viva, Cultura, Record, Record News, Rede TV, SBT, Arte1, Agro1, Fi sh TV&nbsp;e&nbsp;CNN&nbsp;Brasil.<\/p>\n","protected":false},"excerpt":{"rendered":"<p>A Watch Brasil, principal hub de conte\u00fado para provedores de internet no Brasil, celebrou n\u00e3o apenas o encerramento de mais um ano de conquistas e excelentes resultados, mas tamb\u00e9m seu quinto anivers\u00e1rio em um encontro que reuniu seus funcion\u00e1rios de todo o pa\u00eds. O evento, que ocorreu em Curitiba, contou com a presen\u00e7a de colaboradores [&hellip;]<\/p>\n","protected":false},"author":1,"featured_media":1945,"comment_status":"open","ping_status":"open","sticky":false,"template":"","format":"standard","meta":{"footnotes":""},"categories":[424,324,384],"tags":[],"class_list":["post-1944","post","type-post","status-publish","format-standard","has-post-thumbnail","hentry","category-curitiba","category-negocios","category-tecnologia"],"_links":{"self":[{"href":"https:\/\/diarioparanaense.com\/index.php?rest_route=\/wp\/v2\/posts\/1944","targetHints":{"allow":["GET"]}}],"collection":[{"href":"https:\/\/diarioparanaense.com\/index.php?rest_route=\/wp\/v2\/posts"}],"about":[{"href":"https:\/\/diarioparanaense.com\/index.php?rest_route=\/wp\/v2\/types\/post"}],"author":[{"embeddable":true,"href":"https:\/\/diarioparanaense.com\/index.php?rest_route=\/wp\/v2\/users\/1"}],"replies":[{"embeddable":true,"href":"https:\/\/diarioparanaense.com\/index.php?rest_route=%2Fwp%2Fv2%2Fcomments&post=1944"}],"version-history":[{"count":1,"href":"https:\/\/diarioparanaense.com\/index.php?rest_route=\/wp\/v2\/posts\/1944\/revisions"}],"predecessor-version":[{"id":1946,"href":"https:\/\/diarioparanaense.com\/index.php?rest_route=\/wp\/v2\/posts\/1944\/revisions\/1946"}],"wp:featuredmedia":[{"embeddable":true,"href":"https:\/\/diarioparanaense.com\/index.php?rest_route=\/wp\/v2\/media\/1945"}],"wp:attachment":[{"href":"https:\/\/diarioparanaense.com\/index.php?rest_route=%2Fwp%2Fv2%2Fmedia&parent=1944"}],"wp:term":[{"taxonomy":"category","embeddable":true,"href":"https:\/\/diarioparanaense.com\/index.php?rest_route=%2Fwp%2Fv2%2Fcategories&post=1944"},{"taxonomy":"post_tag","embeddable":true,"href":"https:\/\/diarioparanaense.com\/index.php?rest_route=%2Fwp%2Fv2%2Ftags&post=1944"}],"curies":[{"name":"wp","href":"https:\/\/api.w.org\/{rel}","templated":true}]}}