{"id":1938,"date":"2023-12-19T08:12:59","date_gmt":"2023-12-19T11:12:59","guid":{"rendered":"https:\/\/diarioparanaense.com\/?p=1938"},"modified":"2023-12-19T08:12:59","modified_gmt":"2023-12-19T11:12:59","slug":"terapia-em-contato-com-a-natureza","status":"publish","type":"post","link":"https:\/\/diarioparanaense.com\/?p=1938","title":{"rendered":"Terapia em contato com a natureza"},"content":{"rendered":"\n<p class=\"has-medium-font-size\"><em>Hospitais investem em espa\u00e7os ao ar livre para otimizar a recupera\u00e7\u00e3o dos pacientes<\/em><\/p>\n\n\n\n<p>Estudos recentes realizados por pesquisadores da Universidade de Warwick, no Reino Unido, relacionam o conv\u00edvio com \u00e1reas verdes com um maior bem-estar f\u00edsico e mental. Trata-se de um estudo cient\u00edfico espec\u00edfico mas, em todo o mundo, s\u00e3o realizadas pesquisas que relacionam qualidade de vida e melhorias cont\u00ednuas na recupera\u00e7\u00e3o de pacientes \u00e0s terapias e tratamentos em contato com a natureza.<\/p>\n\n\n\n<p>Por isso, hospitais e cl\u00ednicas criaram espa\u00e7os verdes para melhorar os resultados cl\u00ednicos. Na YUNA, hospital de transi\u00e7\u00e3o de cuidados, o Solarium atende perfeitamente a esses requisitos.<\/p>\n\n\n\n<p>\u201cO contato com a natureza faz total diferen\u00e7a no processo de reabilita\u00e7\u00e3o, visto que os pacientes muitas vezes est\u00e3o distantes do ambiente domiciliar h\u00e1 algum tempo e podem estar fragilizados durante o processo de interna\u00e7\u00e3o, necessitando de um local para descanso&nbsp;e&nbsp;bem-estar\u201d, esclarece Mariana Paculdino Neves, Terapeuta Ocupacional da YUNA.<\/p>\n\n\n\n<p>Devido \u00e0 versatilidade, o espa\u00e7o proporciona a socializa\u00e7\u00e3o dos pacientes com os familiares, amigos e a intera\u00e7\u00e3o com outros pacientes; a realiza\u00e7\u00e3o de algumas terapias, inclusive sess\u00f5es de fisioterapia ao ar livre; visita pet e celebra\u00e7\u00f5es para pacientes e colaboradores, por exemplo.<\/p>\n\n\n\n<p>Segundo Alexandra Cassiano, Gestora Operacional e de Hospitalidade da YUNA, o Solarium abre um leque de op\u00e7\u00f5es para o paciente que est\u00e1 no momento de transi\u00e7\u00e3o entre o hospital geral e a alta para casa, uma vez que o espa\u00e7o possibilita sair do quarto em v\u00e1rios momentos, inclusive em celebra\u00e7\u00f5es da institui\u00e7\u00e3o ou do pr\u00f3prio paciente\u201d, completa.<\/p>\n\n\n\n<p class=\"has-medium-font-size\"><strong>Solarium: infraestrutura, experi\u00eancias e benef\u00edcios<\/strong><\/p>\n\n\n\n<p>Quanto \u00e0 infraestrutura, o Solarium possui ampla \u00e1rea verde, com horta e espa\u00e7o sensorial, onde s\u00e3o realizadas as terapias que promovem o despertar e est\u00edmulo da audi\u00e7\u00e3o, toque e memoriza\u00e7\u00e3o. O espa\u00e7o conta tamb\u00e9m com horta, onde at\u00e9 mesmo pacientes com pouca mobilidade, em cadeira de rodas, conseguem plantar ervas, por exemplo, agu\u00e7ando&nbsp;todos os&nbsp;sentidos. &nbsp;&nbsp;<\/p>\n\n\n\n<p>Todo o espa\u00e7o foi pensado no bem-estar, como o jardim sensorial, respons\u00e1vel por despertar est\u00edmulos sensoriais e cognitivos por meio de atividades realizadas pela equipe multidisciplinar.<\/p>\n\n\n\n<p>&#8220;Estar no Solarium \u00e9 uma forma que encontramos de poder olhar para o c\u00e9u e agradecer, esquecer de tudo ao nosso redor. No local \u00e9 poss\u00edvel respirar ar livre, escutar os p\u00e1ssaros e ver o jardim com as suas plantinhas em crescimento, o que transmite um ar de esperan\u00e7a. Como filha, vejo que meu pai consegue encontrar um momento de paz. Ao ver ele fechando os olhos e aproveitando o ar livre \u00e9 uma coisa maravilhosa. O Solarium \u00e9 um local que mais gostamos de estar e realmente gostamos de andar por todos&nbsp;os&nbsp;locais&#8221;, declara Tamires A. Fonseca, filha do paciente Heleno&nbsp;Fonseca. &nbsp;<\/p>\n\n\n\n<p>Para Mariana Paculdino Neves, as atividades terap\u00eauticas ocupacionais desenvolvidas ao ar livre na YUNA podem trazer in\u00fameros benef\u00edcios para as dimens\u00f5es f\u00edsica, ps\u00edquica, emocional, espiritual e social dos pacientes. &nbsp;<\/p>\n\n\n\n<p>\u201cConsidero que os benef\u00edcios dessas atividades ao ar livre come\u00e7am desde o contato com o sol, na produ\u00e7\u00e3o de vitaminas pela exposi\u00e7\u00e3o \u00e0 luz solar, at\u00e9 a melhora da respira\u00e7\u00e3o e redu\u00e7\u00e3o do estresse e da ansiedade pelo contato com o vento, trazendo sensa\u00e7\u00e3o de prazer e bem-estar, tamb\u00e9m experimentados pelo contato com cores, cheiros e texturas diversas. Essa experi\u00eancia sensorial \u00e9 vivida, por exemplo, atrav\u00e9s da atividade de horta\u201d, esclarece a terapeuta&nbsp;ocupacional.<\/p>\n","protected":false},"excerpt":{"rendered":"<p>Hospitais investem em espa\u00e7os ao ar livre para otimizar a recupera\u00e7\u00e3o dos pacientes Estudos recentes realizados por pesquisadores da Universidade de Warwick, no Reino Unido, relacionam o conv\u00edvio com \u00e1reas verdes com um maior bem-estar f\u00edsico e mental. Trata-se de um estudo cient\u00edfico espec\u00edfico mas, em todo o mundo, s\u00e3o realizadas pesquisas que relacionam qualidade [&hellip;]<\/p>\n","protected":false},"author":1,"featured_media":1942,"comment_status":"open","ping_status":"open","sticky":false,"template":"","format":"standard","meta":{"footnotes":""},"categories":[164],"tags":[],"class_list":["post-1938","post","type-post","status-publish","format-standard","has-post-thumbnail","hentry","category-saude-2"],"_links":{"self":[{"href":"https:\/\/diarioparanaense.com\/index.php?rest_route=\/wp\/v2\/posts\/1938","targetHints":{"allow":["GET"]}}],"collection":[{"href":"https:\/\/diarioparanaense.com\/index.php?rest_route=\/wp\/v2\/posts"}],"about":[{"href":"https:\/\/diarioparanaense.com\/index.php?rest_route=\/wp\/v2\/types\/post"}],"author":[{"embeddable":true,"href":"https:\/\/diarioparanaense.com\/index.php?rest_route=\/wp\/v2\/users\/1"}],"replies":[{"embeddable":true,"href":"https:\/\/diarioparanaense.com\/index.php?rest_route=%2Fwp%2Fv2%2Fcomments&post=1938"}],"version-history":[{"count":1,"href":"https:\/\/diarioparanaense.com\/index.php?rest_route=\/wp\/v2\/posts\/1938\/revisions"}],"predecessor-version":[{"id":1943,"href":"https:\/\/diarioparanaense.com\/index.php?rest_route=\/wp\/v2\/posts\/1938\/revisions\/1943"}],"wp:featuredmedia":[{"embeddable":true,"href":"https:\/\/diarioparanaense.com\/index.php?rest_route=\/wp\/v2\/media\/1942"}],"wp:attachment":[{"href":"https:\/\/diarioparanaense.com\/index.php?rest_route=%2Fwp%2Fv2%2Fmedia&parent=1938"}],"wp:term":[{"taxonomy":"category","embeddable":true,"href":"https:\/\/diarioparanaense.com\/index.php?rest_route=%2Fwp%2Fv2%2Fcategories&post=1938"},{"taxonomy":"post_tag","embeddable":true,"href":"https:\/\/diarioparanaense.com\/index.php?rest_route=%2Fwp%2Fv2%2Ftags&post=1938"}],"curies":[{"name":"wp","href":"https:\/\/api.w.org\/{rel}","templated":true}]}}