{"id":1934,"date":"2023-12-18T13:44:18","date_gmt":"2023-12-18T16:44:18","guid":{"rendered":"https:\/\/diarioparanaense.com\/?p=1934"},"modified":"2023-12-18T13:44:19","modified_gmt":"2023-12-18T16:44:19","slug":"osteoartrite-podera-afetar-mais-de-1-bilhao-de-pessoas-ate-2050","status":"publish","type":"post","link":"https:\/\/diarioparanaense.com\/?p=1934","title":{"rendered":"Osteoartrite poder\u00e1 afetar mais de 1 bilh\u00e3o de pessoas at\u00e9 2050"},"content":{"rendered":"\n<p class=\"has-medium-font-size\">Especialista explica a import\u00e2ncia e benef\u00edcios da atividade f\u00edsica para osteoartrite<\/p>\n\n\n\n<p>Publicado na revista Lancet em agosto de 2023, um estudo do Instituto para IHME (M\u00e9tricas e Avalia\u00e7\u00e3o em Sa\u00fade) dos Estados Unidos projeta que, at\u00e9 2050, a osteoartrite poder\u00e1 afetar mais de 1 bilh\u00e3o de pessoas. No Brasil, dados do INTO (Instituto Nacional de Traumatologia e Ortopedia) revelam que mais de um ter\u00e7o dos pacientes diagnosticados no Instituto apresentam osteoartrite.<\/p>\n\n\n\n<p>A osteoartrite, tamb\u00e9m conhecida como artrose, \u00e9 uma condi\u00e7\u00e3o comum que afeta as articula\u00e7\u00f5es, resultando no desgaste progressivo da cartilagem que as reveste. Esse desgaste prejudica a capacidade da cartilagem de amortecer impactos e proporcionar uma superf\u00edcie de deslizamento suave entre os ossos, levando a sintomas como dor, incha\u00e7o e limita\u00e7\u00e3o de movimento nas articula\u00e7\u00f5es afetadas. A osteoartrite pode impactar significativamente a qualidade de vida, sendo uma das principais causas de dor cr\u00f4nica e restri\u00e7\u00e3o funcional.<\/p>\n\n\n\n<p>Segundo o <a href=\"https:\/\/www.drmarcoaurelio.com.br\">Dr. Marco Aur\u00e9lio Silv\u00e9rio Neves<\/a>,ortopedista e traumatologista, especializado em cirurgia de quadril e joelho, a pr\u00e1tica de uma atividade f\u00edsica regular \u00e9 extremamente ben\u00e9fica aos portadores de osteoartrite. Isso porque ajuda a reduzir a dor e a rigidez nas articula\u00e7\u00f5es, aumentar a flexibilidade, a for\u00e7a muscular, a sa\u00fade do cora\u00e7\u00e3o e a resist\u00eancia ao esfor\u00e7o.<\/p>\n\n\n\n<p>Muito al\u00e9m de fazer bem para o organismo e para a sa\u00fade como um todo, a pr\u00e1tica de atividades f\u00edsicas tamb\u00e9m \u00e9 fundamental para o fortalecimento dos ossos, uma vez que o exerc\u00edcio f\u00edsico feito de maneira regular aumenta a for\u00e7a muscular e auxilia assim, no fortalecimento dos ossos e das articula\u00e7\u00f5es, garantindo uma melhor qualidade de vida.<\/p>\n\n\n\n<p>Para finalizar, o ortopedista destaca que a osteoartrite \u00e9 uma doen\u00e7a cr\u00f4nica n\u00e3o transmiss\u00edvel (DCNT) que acomete as articula\u00e7\u00f5es e, segundo a Organiza\u00e7\u00e3o Mundial de Sa\u00fade (OMS), \u00e9 uma das principais causas de redu\u00e7\u00e3o da qualidade de vida no mundo. Ou seja, a mudan\u00e7a de h\u00e1bitos e a inclus\u00e3o de rotina di\u00e1ria de exerc\u00edcios se faz fundamental para garantir uma melhor qualidade de vida ao paciente.<\/p>\n\n\n\n<p class=\"has-medium-font-size\"><strong>Sobre Dr. Marco Aur\u00e9lio S. Neves<\/strong><\/p>\n\n\n\n<p>Dr Marco Aur\u00e9lio S. Neves, ortopedista e traumatologista, especializado em pr\u00f3teses de quadril e joelho.<\/p>\n\n\n\n<p>Pioneiro no Brasil em t\u00e9cnicas avan\u00e7adas para realiza\u00e7\u00e3o de cirurgias de pr\u00f3tese de quadril e de joelho.&nbsp; Conta com especializa\u00e7\u00e3o em Ortopedia e Traumatologia (2001) e em Cirurgia do Quadril e do Joelho (2002 e 2003), pelo Hospital das Cl\u00ednicas da Faculdade de Medicina da Universidade de S\u00e3o Paulo (HC \u2013 FMUSP).<\/p>\n\n\n\n<p>O grande diferencial do m\u00e9dico s\u00e3o as bases tecnol\u00f3gicas aplicadas na pr\u00f3tese de joelho, o uso de guias customizadas feitas sob medida para cada paciente, por meio de impress\u00e3o 3D, aumenta a precis\u00e3o da cirurgia, otimizando os resultados. E na cirurgia de pr\u00f3tese de quadril, pioneiro na utiliza\u00e7\u00e3o da via anterior \u00e9 a \u00fanica que possibilita o m\u00e9todo verdadeiramente n\u00e3o invasivo (AMIS), preservando m\u00fasculos e tend\u00f5es.<\/p>\n\n\n\n<p>A realidade aumentada e a rob\u00f3tica para diminuir a agress\u00e3o da cirurgia e permitir uma recupera\u00e7\u00e3o mais r\u00e1pida tamb\u00e9m j\u00e1 s\u00e3o uma realidade. Um dos pioneiros no Brasil em t\u00e9cnicas avan\u00e7adas para realiza\u00e7\u00e3o de cirurgias de pr\u00f3tese de quadril e de joelho.<\/p>\n\n\n\n<p>Especializa\u00e7\u00f5es em centros de refer\u00eancia em cirurgia ortop\u00e9dica do mundo, entre eles: Presbyterian Hospital Plano (Texas, Estados Unidos, 2004), Hospital Jan Palfij (Gent, B\u00e9lgica, 2006), Clinic Dr. Decker (Munique, Alemanha, 2006), The Steadman Clinic (Vail, Estados Unidos, 2009), South West London Orthopaedic Center (Inglaterra, 2013), Le Centre M\u00e9dico Chirurgical Paris V (Paris, Fran\u00e7a, 2015).<\/p>\n\n\n\n<p>Para mais informa\u00e7\u00f5es: <a href=\"http:\/\/www.drmarcoaurelio.com.br\">www.drmarcoaurelio.com.br<\/a><\/p>\n\n\n\n<p><strong>Instagram<\/strong>: @drmarcoaurelio.ortopedia<\/p>\n\n\n\n<p><strong>Linkedin<\/strong>: marco-aurelio-silverio-neves<\/p>\n","protected":false},"excerpt":{"rendered":"<p>Especialista explica a import\u00e2ncia e benef\u00edcios da atividade f\u00edsica para osteoartrite Publicado na revista Lancet em agosto de 2023, um estudo do Instituto para IHME (M\u00e9tricas e Avalia\u00e7\u00e3o em Sa\u00fade) dos Estados Unidos projeta que, at\u00e9 2050, a osteoartrite poder\u00e1 afetar mais de 1 bilh\u00e3o de pessoas. No Brasil, dados do INTO (Instituto Nacional de [&hellip;]<\/p>\n","protected":false},"author":1,"featured_media":1690,"comment_status":"open","ping_status":"open","sticky":false,"template":"","format":"standard","meta":{"footnotes":""},"categories":[164],"tags":[],"class_list":["post-1934","post","type-post","status-publish","format-standard","has-post-thumbnail","hentry","category-saude-2"],"_links":{"self":[{"href":"https:\/\/diarioparanaense.com\/index.php?rest_route=\/wp\/v2\/posts\/1934","targetHints":{"allow":["GET"]}}],"collection":[{"href":"https:\/\/diarioparanaense.com\/index.php?rest_route=\/wp\/v2\/posts"}],"about":[{"href":"https:\/\/diarioparanaense.com\/index.php?rest_route=\/wp\/v2\/types\/post"}],"author":[{"embeddable":true,"href":"https:\/\/diarioparanaense.com\/index.php?rest_route=\/wp\/v2\/users\/1"}],"replies":[{"embeddable":true,"href":"https:\/\/diarioparanaense.com\/index.php?rest_route=%2Fwp%2Fv2%2Fcomments&post=1934"}],"version-history":[{"count":1,"href":"https:\/\/diarioparanaense.com\/index.php?rest_route=\/wp\/v2\/posts\/1934\/revisions"}],"predecessor-version":[{"id":1937,"href":"https:\/\/diarioparanaense.com\/index.php?rest_route=\/wp\/v2\/posts\/1934\/revisions\/1937"}],"wp:featuredmedia":[{"embeddable":true,"href":"https:\/\/diarioparanaense.com\/index.php?rest_route=\/wp\/v2\/media\/1690"}],"wp:attachment":[{"href":"https:\/\/diarioparanaense.com\/index.php?rest_route=%2Fwp%2Fv2%2Fmedia&parent=1934"}],"wp:term":[{"taxonomy":"category","embeddable":true,"href":"https:\/\/diarioparanaense.com\/index.php?rest_route=%2Fwp%2Fv2%2Fcategories&post=1934"},{"taxonomy":"post_tag","embeddable":true,"href":"https:\/\/diarioparanaense.com\/index.php?rest_route=%2Fwp%2Fv2%2Ftags&post=1934"}],"curies":[{"name":"wp","href":"https:\/\/api.w.org\/{rel}","templated":true}]}}