{"id":1930,"date":"2023-12-15T14:01:44","date_gmt":"2023-12-15T17:01:44","guid":{"rendered":"https:\/\/diarioparanaense.com\/?p=1930"},"modified":"2023-12-15T14:01:44","modified_gmt":"2023-12-15T17:01:44","slug":"colonia-de-ferias-oferecem-atividades-esportivas-e-pedagogicas-em-dezembro","status":"publish","type":"post","link":"https:\/\/diarioparanaense.com\/?p=1930","title":{"rendered":"Col\u00f4nia de F\u00e9rias oferecem atividades esportivas e pedag\u00f3gicas em dezembro"},"content":{"rendered":"\n<p class=\"has-medium-font-size\">Crian\u00e7as e adolescentes podem aproveitar o ver\u00e3o com a mistura de brincadeiras tradicionais e a tecnologia de dispositivos eletr\u00f4nicos<\/p>\n\n\n\n<p>As f\u00e9rias escolares come\u00e7aram em todo Brasil e com isso o mercado de col\u00f4nia de f\u00e9rias tamb\u00e9m fica aquecido. Em Curitiba, algumas op\u00e7\u00f5es oferecem aos pais das crian\u00e7as e adolescentes atividades esportivas e pedag\u00f3gicas, que misturam brincadeiras tradicionais com a tecnologia de dispositivos eletr\u00f4nicos<\/p>\n\n\n\n<p>O Clube Curitibano oferece na 74\u00aa Edi\u00e7\u00e3o da Col\u00f4nia de f\u00e9rias a tem\u00e1tica \u2018Lendas Brasileiras\u2019, contando com atividades esportivas e culturais. Entre elas est\u00e3o oficinas de pinturas, dan\u00e7a, teatro e cria\u00e7\u00e3o de slime e massinha caseira, bem como esportes como nata\u00e7\u00e3o, esgrima, t\u00eanis, skate, bol\u00e3o, parkour e voleibol. Al\u00e9m disso, as crian\u00e7as e adolescentes poder\u00e3o realizar visitas \u00e0 Reserva Serelepe, ao Parque da Golinha e a um campo de paintball.<\/p>\n\n\n\n<p>\u201cAs col\u00f4nias de f\u00e9rias al\u00e9m de oferecerem lazer em um per\u00edodo sem atividades escolares, tamb\u00e9m proporcionam experi\u00eancias importantes para as crian\u00e7as e adolescentes. Como o fortalecimento de la\u00e7os com outros jovens por meio das viv\u00eancias que as brincadeiras e os esportes em grupo proporcionam\u201c, explica Murilo Gasperin, Coordenador de Esportes Clube Curitibano.<\/p>\n\n\n\n<p>Tamb\u00e9m no m\u00eas de dezembro, a Escola Atua\u00e7\u00e3o ir\u00e1 oferecer uma col\u00f4nia de f\u00e9rias com atra\u00e7\u00f5es que v\u00e3o desde jogos de videogame como o Just Dance, passando por oficinas de artesanato e teatro, brincadeiras tradicionais como pega-pega, esconde-esconde e pebolim humano, al\u00e9m de esportes como futebol, ca\u00e7ador, voleibol, capoeira, t\u00eanis, roller, parkour e ciclismo.<\/p>\n\n\n\n<p>\u201c\u00c9 fundamental que durante os meses de f\u00e9rias escolares as crian\u00e7as e adolescentes possam ter essas atividades de lazer com outras pessoas da mesma idade. Muitos desses momentos permitem o desenvolvimento de habilidades sociais, motoras e emocionais importantes para o crescimento desses jovens\u201c, finaliza Esther Cristina Pereira, diretora e pedagoga da&nbsp;Escola&nbsp;Atua\u00e7\u00e3o.<\/p>\n","protected":false},"excerpt":{"rendered":"<p>Crian\u00e7as e adolescentes podem aproveitar o ver\u00e3o com a mistura de brincadeiras tradicionais e a tecnologia de dispositivos eletr\u00f4nicos As f\u00e9rias escolares come\u00e7aram em todo Brasil e com isso o mercado de col\u00f4nia de f\u00e9rias tamb\u00e9m fica aquecido. Em Curitiba, algumas op\u00e7\u00f5es oferecem aos pais das crian\u00e7as e adolescentes atividades esportivas e pedag\u00f3gicas, que misturam [&hellip;]<\/p>\n","protected":false},"author":1,"featured_media":1931,"comment_status":"open","ping_status":"open","sticky":false,"template":"","format":"standard","meta":{"footnotes":""},"categories":[148,186],"tags":[],"class_list":["post-1930","post","type-post","status-publish","format-standard","has-post-thumbnail","hentry","category-educacao","category-eventos"],"_links":{"self":[{"href":"https:\/\/diarioparanaense.com\/index.php?rest_route=\/wp\/v2\/posts\/1930","targetHints":{"allow":["GET"]}}],"collection":[{"href":"https:\/\/diarioparanaense.com\/index.php?rest_route=\/wp\/v2\/posts"}],"about":[{"href":"https:\/\/diarioparanaense.com\/index.php?rest_route=\/wp\/v2\/types\/post"}],"author":[{"embeddable":true,"href":"https:\/\/diarioparanaense.com\/index.php?rest_route=\/wp\/v2\/users\/1"}],"replies":[{"embeddable":true,"href":"https:\/\/diarioparanaense.com\/index.php?rest_route=%2Fwp%2Fv2%2Fcomments&post=1930"}],"version-history":[{"count":1,"href":"https:\/\/diarioparanaense.com\/index.php?rest_route=\/wp\/v2\/posts\/1930\/revisions"}],"predecessor-version":[{"id":1932,"href":"https:\/\/diarioparanaense.com\/index.php?rest_route=\/wp\/v2\/posts\/1930\/revisions\/1932"}],"wp:featuredmedia":[{"embeddable":true,"href":"https:\/\/diarioparanaense.com\/index.php?rest_route=\/wp\/v2\/media\/1931"}],"wp:attachment":[{"href":"https:\/\/diarioparanaense.com\/index.php?rest_route=%2Fwp%2Fv2%2Fmedia&parent=1930"}],"wp:term":[{"taxonomy":"category","embeddable":true,"href":"https:\/\/diarioparanaense.com\/index.php?rest_route=%2Fwp%2Fv2%2Fcategories&post=1930"},{"taxonomy":"post_tag","embeddable":true,"href":"https:\/\/diarioparanaense.com\/index.php?rest_route=%2Fwp%2Fv2%2Ftags&post=1930"}],"curies":[{"name":"wp","href":"https:\/\/api.w.org\/{rel}","templated":true}]}}