{"id":1927,"date":"2023-12-15T13:58:00","date_gmt":"2023-12-15T16:58:00","guid":{"rendered":"https:\/\/diarioparanaense.com\/?p=1927"},"modified":"2023-12-15T13:58:00","modified_gmt":"2023-12-15T16:58:00","slug":"luz-de-natal-romanha-alimentos-leva-magia-com-blitz-e-carreata-no-natal","status":"publish","type":"post","link":"https:\/\/diarioparanaense.com\/?p=1927","title":{"rendered":"Luz de Natal: Romanha Alimentos leva magia com blitz e carreata no Natal"},"content":{"rendered":"\n<p class=\"has-medium-font-size\"><em>No dia 16, Pinhais se transformar\u00e1 em um cen\u00e1rio natalino, repleto de brincadeiras, brindes, m\u00fasica e pura alegria<\/em><\/p>\n\n\n\n<p>A magia do Natal ganha ainda mais brilho em Pinhais, a <a href=\"https:\/\/romanha.com.br\/\">Romanha<\/a>, ind\u00fastria de alimentos, se une \u00e0 r\u00e1dio 98 FM e \u00e0 Prefeitura do Munic\u00edpio para uma celebra\u00e7\u00e3o especial. No dia 16 de dezembro, acontece a blitz natalina, seguido pela carreata, que promove momentos de encanto e celebra\u00e7\u00e3o na cidade.<\/p>\n\n\n\n<p>A a\u00e7\u00e3o tem in\u00edcio no encantador Parque das \u00c1guas, um ponto de atra\u00e7\u00e3o mantido pela Prefeitura, conhecido por sua Casa do Papai Noel e outras atividades festivas. Durante duas horas, a blitz oferecer\u00e1 uma experi\u00eancia \u00fanica aos participantes.<\/p>\n\n\n\n<p>Durante o evento, um caricaturista estar\u00e1 presente, proporcionando momentos divertidos e personalizados aos visitantes. A Romanha tamb\u00e9m participa ativamente, distribuindo seus deliciosos produtos ao p\u00fablico. Al\u00e9m disso, a marca presentear\u00e1 os participantes com brindes personalizados, fortalecendo a conex\u00e3o com o esp\u00edrito natalino.<\/p>\n\n\n\n<p><strong>Estrutura da Blitz: Parque das \u00c1guas, 16 de dezembro, das 16h30 \u00e0s 18h30<\/strong><\/p>\n\n\n\n<p>Espa\u00e7o da R\u00e1dio com a presen\u00e7a do Papai Noel<br>Caricaturista para momentos personalizados<br>Brincadeiras interativas para todas as idades<br>Distribui\u00e7\u00e3o de brindes personalizados pela Romanha<\/p>\n\n\n\n<p><strong>A festa continua! \u00c0s 19h00, a Carreata seguir\u00e1 um trajeto encantador pelos seguintes locais:<\/strong><\/p>\n\n\n\n<p>Sa\u00edda: Parque das \u00c1guas \u2013 Pinhais\/PR<br>Pista de skate &#8211; Av. Jacob Macanhan, 719 &#8211; Vale da Boa Esperan\u00e7a, Pinhais\/PR<br>Bosque Jeriv\u00e1 &#8211; R. Jacarezinho, 1686 &#8211; Alto Tarum\u00e3, Pinhais\/PR<br>Chegada ao Bosque Municipal de Pinhais &#8211; Rua 24 de Maio, s\/n &#8211; Centro, Pinhais\/PR<\/p>\n","protected":false},"excerpt":{"rendered":"<p>No dia 16, Pinhais se transformar\u00e1 em um cen\u00e1rio natalino, repleto de brincadeiras, brindes, m\u00fasica e pura alegria A magia do Natal ganha ainda mais brilho em Pinhais, a Romanha, ind\u00fastria de alimentos, se une \u00e0 r\u00e1dio 98 FM e \u00e0 Prefeitura do Munic\u00edpio para uma celebra\u00e7\u00e3o especial. No dia 16 de dezembro, acontece a [&hellip;]<\/p>\n","protected":false},"author":1,"featured_media":1928,"comment_status":"open","ping_status":"open","sticky":false,"template":"","format":"standard","meta":{"footnotes":""},"categories":[424],"tags":[],"class_list":["post-1927","post","type-post","status-publish","format-standard","has-post-thumbnail","hentry","category-curitiba"],"_links":{"self":[{"href":"https:\/\/diarioparanaense.com\/index.php?rest_route=\/wp\/v2\/posts\/1927","targetHints":{"allow":["GET"]}}],"collection":[{"href":"https:\/\/diarioparanaense.com\/index.php?rest_route=\/wp\/v2\/posts"}],"about":[{"href":"https:\/\/diarioparanaense.com\/index.php?rest_route=\/wp\/v2\/types\/post"}],"author":[{"embeddable":true,"href":"https:\/\/diarioparanaense.com\/index.php?rest_route=\/wp\/v2\/users\/1"}],"replies":[{"embeddable":true,"href":"https:\/\/diarioparanaense.com\/index.php?rest_route=%2Fwp%2Fv2%2Fcomments&post=1927"}],"version-history":[{"count":1,"href":"https:\/\/diarioparanaense.com\/index.php?rest_route=\/wp\/v2\/posts\/1927\/revisions"}],"predecessor-version":[{"id":1929,"href":"https:\/\/diarioparanaense.com\/index.php?rest_route=\/wp\/v2\/posts\/1927\/revisions\/1929"}],"wp:featuredmedia":[{"embeddable":true,"href":"https:\/\/diarioparanaense.com\/index.php?rest_route=\/wp\/v2\/media\/1928"}],"wp:attachment":[{"href":"https:\/\/diarioparanaense.com\/index.php?rest_route=%2Fwp%2Fv2%2Fmedia&parent=1927"}],"wp:term":[{"taxonomy":"category","embeddable":true,"href":"https:\/\/diarioparanaense.com\/index.php?rest_route=%2Fwp%2Fv2%2Fcategories&post=1927"},{"taxonomy":"post_tag","embeddable":true,"href":"https:\/\/diarioparanaense.com\/index.php?rest_route=%2Fwp%2Fv2%2Ftags&post=1927"}],"curies":[{"name":"wp","href":"https:\/\/api.w.org\/{rel}","templated":true}]}}