{"id":1915,"date":"2023-12-14T11:12:06","date_gmt":"2023-12-14T14:12:06","guid":{"rendered":"https:\/\/diarioparanaense.com\/?p=1915"},"modified":"2023-12-14T11:12:07","modified_gmt":"2023-12-14T14:12:07","slug":"papai-noel-de-bicicleta-levando-o-presente-da-inclusao","status":"publish","type":"post","link":"https:\/\/diarioparanaense.com\/?p=1915","title":{"rendered":"Papai Noel de bicicleta levando o presente da inclus\u00e3o"},"content":{"rendered":"\n<p class=\"has-medium-font-size\">Broder divulga a terceira edi\u00e7\u00e3o de sua pedalada natalina<\/p>\n\n\n\n<p>A inclus\u00e3o \u00e9 um dos t\u00f3picos mais importantes dos dias de hoje, tantas pessoas que foram negligenciadas durante s\u00e9culos est\u00e3o tendo seu tempo de brilhar, e um evento veio a Curitiba para fortalecer a presen\u00e7a dessas pessoas.<\/p>\n\n\n\n<p>A terceira edi\u00e7\u00e3o da Pedalada Natalina, promovida pela Associa\u00e7\u00e3o Al\u00e9m da Vis\u00e3o e apoiada pela empresa Broder, especializada em inclusividade. O encontro ocorreu no dia 12 de dezembro de 2023, \u00e0s 19h, partindo da sede da Associa\u00e7\u00e3o em Curitiba-PR. Este evento extraordin\u00e1rio re\u00fane paraciclistas cegos e com baixa vis\u00e3o, acompanhados por atletas\/guias em bicicletas Tandem decoradas com luzes natalinas.<\/p>\n\n\n\n<p>Al\u00e9m de celebrar o esp\u00edrito natalino, ele se destacou por seu compromisso com a inclus\u00e3o, demonstrando a capacidade e determina\u00e7\u00e3o das pessoas com defici\u00eancia visual. O Capit\u00e3o Inclus\u00e3o, \u00edcone da AAV, e o ador\u00e1vel casal Papai e Mam\u00e3e Noel estavam presentes para compartilhar a alegria desse momento \u00fanico.<\/p>\n\n\n\n<p>A participa\u00e7\u00e3o foi aberta a todos, incentivando pessoas com e sem defici\u00eancia visual a se unirem e pedalarem juntas, fortalecendo la\u00e7os e quebrando barreiras. Al\u00e9m disso, a iniciativa tamb\u00e9m visava arrecadar alimentos n\u00e3o perec\u00edveis, solicitando a contribui\u00e7\u00e3o de 2kg por participante.<\/p>\n\n\n\n<p><strong>Servi\u00e7o: Broder<br><\/strong><em><strong>Eduardo Ramires<br><\/strong><\/em>Voc\u00ea e seus familiares sempre amparados<br>Chame um broder: (41) 99773-1510<br>contato@broder.app<br>Instagram: @broderapp<br>Site: <a href=\"https:\/\/broder.app\" target=\"_blank\" rel=\"noreferrer noopener\">https:\/\/broder.app<\/a><\/p>\n","protected":false},"excerpt":{"rendered":"<p>Broder divulga a terceira edi\u00e7\u00e3o de sua pedalada natalina A inclus\u00e3o \u00e9 um dos t\u00f3picos mais importantes dos dias de hoje, tantas pessoas que foram negligenciadas durante s\u00e9culos est\u00e3o tendo seu tempo de brilhar, e um evento veio a Curitiba para fortalecer a presen\u00e7a dessas pessoas. A terceira edi\u00e7\u00e3o da Pedalada Natalina, promovida pela Associa\u00e7\u00e3o [&hellip;]<\/p>\n","protected":false},"author":1,"featured_media":1916,"comment_status":"open","ping_status":"open","sticky":false,"template":"","format":"standard","meta":{"footnotes":""},"categories":[29],"tags":[],"class_list":["post-1915","post","type-post","status-publish","format-standard","has-post-thumbnail","hentry","category-artigos"],"_links":{"self":[{"href":"https:\/\/diarioparanaense.com\/index.php?rest_route=\/wp\/v2\/posts\/1915","targetHints":{"allow":["GET"]}}],"collection":[{"href":"https:\/\/diarioparanaense.com\/index.php?rest_route=\/wp\/v2\/posts"}],"about":[{"href":"https:\/\/diarioparanaense.com\/index.php?rest_route=\/wp\/v2\/types\/post"}],"author":[{"embeddable":true,"href":"https:\/\/diarioparanaense.com\/index.php?rest_route=\/wp\/v2\/users\/1"}],"replies":[{"embeddable":true,"href":"https:\/\/diarioparanaense.com\/index.php?rest_route=%2Fwp%2Fv2%2Fcomments&post=1915"}],"version-history":[{"count":1,"href":"https:\/\/diarioparanaense.com\/index.php?rest_route=\/wp\/v2\/posts\/1915\/revisions"}],"predecessor-version":[{"id":1917,"href":"https:\/\/diarioparanaense.com\/index.php?rest_route=\/wp\/v2\/posts\/1915\/revisions\/1917"}],"wp:featuredmedia":[{"embeddable":true,"href":"https:\/\/diarioparanaense.com\/index.php?rest_route=\/wp\/v2\/media\/1916"}],"wp:attachment":[{"href":"https:\/\/diarioparanaense.com\/index.php?rest_route=%2Fwp%2Fv2%2Fmedia&parent=1915"}],"wp:term":[{"taxonomy":"category","embeddable":true,"href":"https:\/\/diarioparanaense.com\/index.php?rest_route=%2Fwp%2Fv2%2Fcategories&post=1915"},{"taxonomy":"post_tag","embeddable":true,"href":"https:\/\/diarioparanaense.com\/index.php?rest_route=%2Fwp%2Fv2%2Ftags&post=1915"}],"curies":[{"name":"wp","href":"https:\/\/api.w.org\/{rel}","templated":true}]}}