{"id":1910,"date":"2023-12-14T11:10:36","date_gmt":"2023-12-14T14:10:36","guid":{"rendered":"https:\/\/diarioparanaense.com\/?p=1910"},"modified":"2023-12-14T11:10:37","modified_gmt":"2023-12-14T14:10:37","slug":"halito-fresco-traz-confianca-renovada","status":"publish","type":"post","link":"https:\/\/diarioparanaense.com\/?p=1910","title":{"rendered":"H\u00e1lito fresco traz confian\u00e7a renovada"},"content":{"rendered":"\n<p class=\"has-medium-font-size\">A Dra. Cl\u00e1udia Gobor explica como a saburra lingual \u00e9 a causa<\/p>\n\n\n\n<p>A saburra lingual, muitas vezes negligenciada nas rotinas de higiene bucal, pode ser um dos principais contribuintes para o mau h\u00e1lito. A superf\u00edcie da l\u00edngua \u00e9 um terreno f\u00e9rtil ideal para bact\u00e9rias, que podem se acumular e formar a altera\u00e7\u00e3o do h\u00e1lito.<\/p>\n\n\n\n<p>A Dra. Cl\u00e1udia C. Gobor, especialista em halitose, alerta sobre a import\u00e2ncia de identificar e tratar esse problema. &#8220;A identifica\u00e7\u00e3o \u00e9 relativamente simples e pode ser feita observando a apar\u00eancia da l\u00edngua. Salvo algumas exce\u00e7\u00f5es, geralmente a superf\u00edcie lingual tende a ser rosada, \u00famida e sem nenhum res\u00edduo vis\u00edvel. Se houver uma placa esbranqui\u00e7ada ou amarelada na superf\u00edcie, \u00e9 motivo para investiga\u00e7\u00e3o, onde o dentista capacitado pode auxiliar num diagn\u00f3stico correto&#8221;, explica a especialista.<\/p>\n\n\n\n<p>A saburra ou biofilme lingual nada mais \u00e9 do que o ac\u00famulo da placa bacteriana na l\u00edngua e pode ser uma das principais causas do mau h\u00e1lito. Al\u00e9m disso, essas bact\u00e9rias tamb\u00e9m podem contribuir para outros problemas de sa\u00fade bucal, como c\u00e1ries e problemas gengivais.<\/p>\n\n\n\n<p>A Dra. Cl\u00e1udia refor\u00e7a a import\u00e2ncia da limpeza regular da l\u00edngua como parte integrante da rotina de higiene bucal. &#8220;Usando um limpador de l\u00edngua uma vez ao dia ou at\u00e9 uma escova de dentes dependendo do caso, pode-se remover suavemente o biofilme acumulado na superf\u00edcie da l\u00edngua. Essa pr\u00e1tica simples ajuda a reduzir a quantidade de bact\u00e9rias causadoras de odor, e muitas vezes ameniza consideravelmente o problema&#8221;, diz a especialista.<\/p>\n\n\n\n<p>Al\u00e9m disso, estudos t\u00eam mostrado que o mau h\u00e1lito pode ter um impacto significativo na autoestima e nas rela\u00e7\u00f5es sociais e profissionais das pessoas. Dentes bonitos e um h\u00e1lito fresco s\u00e3o essenciais para uma confian\u00e7a renovada e uma intera\u00e7\u00e3o social mais agrad\u00e1vel.<\/p>\n\n\n\n<p>Ao adotar uma rotina completa de cuidados bucais como escova\u00e7\u00e3o, fio-dental e check-ups regulares, faz com que as pessoas desfrutem de um h\u00e1lito mais fresco e de uma sa\u00fade bucal melhor.<\/p>\n\n\n\n<p><strong>Sobre a Dra. Cl\u00e1udia Gobor<br><\/strong>Cl\u00e1udia Gobor \u00e9 uma cirurgi\u00e3 dentista altamente qualificada e especialista pelo MEC no tratamento da halitose, tamb\u00e9m conhecida como mau h\u00e1lito. Com vasta experi\u00eancia e conhecimento na \u00e1rea, Dra. Cl\u00e1udia tornou-se uma refer\u00eancia no tratamento desta condi\u00e7\u00e3o, auxiliando seus pacientes a recuperarem a autoestima e confian\u00e7a por meio de um h\u00e1lito fresco e saud\u00e1vel. J\u00e1 exerceu o cargo de presidente e atualmente \u00e9 a diretora executiva da Associa\u00e7\u00e3o Brasileira de Halitose (ABHA), contribuindo para o avan\u00e7o da pesquisa e conscientiza\u00e7\u00e3o sobre esse tema.<\/p>\n\n\n\n<p class=\"has-medium-font-size\">Servi\u00e7o: Dra. Cl\u00e1udia C. Gobor<\/p>\n\n\n\n<p>Cirurgi\u00e3 Dentista especialista pelo MEC no tratamento da Halitose<\/p>\n\n\n\n<p>Ex-Presidente e atual Diretora Executiva da Associa\u00e7\u00e3o Brasileira de Halitose<\/p>\n\n\n\n<figure class=\"wp-block-embed is-type-wp-embed is-provider-bom-h-lito-curitiba wp-block-embed-bom-h-lito-curitiba\"><div class=\"wp-block-embed__wrapper\">\n<blockquote class=\"wp-embedded-content\" data-secret=\"Cu7AIHzBrR\"><a href=\"https:\/\/www.bomhalitocuritiba.com.br\/\">Bom H\u00e1lito Curitiba<\/a><\/blockquote><iframe loading=\"lazy\" class=\"wp-embedded-content\" sandbox=\"allow-scripts\" security=\"restricted\" style=\"position: absolute; clip: rect(1px, 1px, 1px, 1px);\" title=\"&#8220;Bom H\u00e1lito Curitiba&#8221; &#8212; Bom H\u00e1lito Curitiba\" src=\"https:\/\/www.bomhalitocuritiba.com.br\/embed\/#?secret=Cu7AIHzBrR\" data-secret=\"Cu7AIHzBrR\" width=\"600\" height=\"338\" frameborder=\"0\" marginwidth=\"0\" marginheight=\"0\" scrolling=\"no\"><\/iframe>\n<\/div><\/figure>\n\n\n\n<p>(41) 3022-3131 | (41) 99977-7087<\/p>\n\n\n\n<p>Redes sociais: Instagram: @bomhalitocuritiba<\/p>\n\n\n\n<p>Facebook: @bomhalitocuritiba<\/p>\n","protected":false},"excerpt":{"rendered":"<p>A Dra. Cl\u00e1udia Gobor explica como a saburra lingual \u00e9 a causa A saburra lingual, muitas vezes negligenciada nas rotinas de higiene bucal, pode ser um dos principais contribuintes para o mau h\u00e1lito. A superf\u00edcie da l\u00edngua \u00e9 um terreno f\u00e9rtil ideal para bact\u00e9rias, que podem se acumular e formar a altera\u00e7\u00e3o do h\u00e1lito. A [&hellip;]<\/p>\n","protected":false},"author":1,"featured_media":1913,"comment_status":"open","ping_status":"open","sticky":false,"template":"","format":"standard","meta":{"footnotes":""},"categories":[164],"tags":[],"class_list":["post-1910","post","type-post","status-publish","format-standard","has-post-thumbnail","hentry","category-saude-2"],"_links":{"self":[{"href":"https:\/\/diarioparanaense.com\/index.php?rest_route=\/wp\/v2\/posts\/1910","targetHints":{"allow":["GET"]}}],"collection":[{"href":"https:\/\/diarioparanaense.com\/index.php?rest_route=\/wp\/v2\/posts"}],"about":[{"href":"https:\/\/diarioparanaense.com\/index.php?rest_route=\/wp\/v2\/types\/post"}],"author":[{"embeddable":true,"href":"https:\/\/diarioparanaense.com\/index.php?rest_route=\/wp\/v2\/users\/1"}],"replies":[{"embeddable":true,"href":"https:\/\/diarioparanaense.com\/index.php?rest_route=%2Fwp%2Fv2%2Fcomments&post=1910"}],"version-history":[{"count":1,"href":"https:\/\/diarioparanaense.com\/index.php?rest_route=\/wp\/v2\/posts\/1910\/revisions"}],"predecessor-version":[{"id":1914,"href":"https:\/\/diarioparanaense.com\/index.php?rest_route=\/wp\/v2\/posts\/1910\/revisions\/1914"}],"wp:featuredmedia":[{"embeddable":true,"href":"https:\/\/diarioparanaense.com\/index.php?rest_route=\/wp\/v2\/media\/1913"}],"wp:attachment":[{"href":"https:\/\/diarioparanaense.com\/index.php?rest_route=%2Fwp%2Fv2%2Fmedia&parent=1910"}],"wp:term":[{"taxonomy":"category","embeddable":true,"href":"https:\/\/diarioparanaense.com\/index.php?rest_route=%2Fwp%2Fv2%2Fcategories&post=1910"},{"taxonomy":"post_tag","embeddable":true,"href":"https:\/\/diarioparanaense.com\/index.php?rest_route=%2Fwp%2Fv2%2Ftags&post=1910"}],"curies":[{"name":"wp","href":"https:\/\/api.w.org\/{rel}","templated":true}]}}